{"id":985,"date":"2026-04-28T11:52:25","date_gmt":"2026-04-28T09:52:25","guid":{"rendered":"https:\/\/lib.tu.kielce.pl\/?p=985"},"modified":"2026-04-28T11:52:26","modified_gmt":"2026-04-28T09:52:26","slug":"szkolenia-i-webinaria-ebsco-maj-2026","status":"publish","type":"post","link":"https:\/\/lib.tu.kielce.pl\/index.php\/2026\/04\/28\/szkolenia-i-webinaria-ebsco-maj-2026\/","title":{"rendered":"Szkolenia i webinaria EBSCO &#8211; maj 2026"},"content":{"rendered":"\n<p>Firma EBSCO zaprasza wyk\u0142adowc\u00f3w, student\u00f3w oraz bibliotekarzy do udzia\u0142u w bezp\u0142atnych, otwartych szkoleniach online prowadzonych w j\u0119zyku polskim.<\/p>\n\n\n\n<ul class=\"wp-block-list\">\n<li>Jak wyszuka\u0107 tytu\u0142 czasopisma na platformach EBSCO | <strong>7 maja 2026 r.<\/strong> | Godzina: <strong>11:30<\/strong> (30 minut) | <a href=\"https:\/\/ebsco-polish.zoom.us\/webinar\/register\/WN_sPffSWGYQmyVXi20f9lMjA\" data-type=\"link\" data-id=\"https:\/\/ebsco-polish.zoom.us\/webinar\/register\/WN_sPffSWGYQmyVXi20f9lMjA\" target=\"_blank\" rel=\"noreferrer noopener\">Rejestracja<\/a><\/li>\n<\/ul>\n\n\n\n<ul class=\"wp-block-list\">\n<li>Bibliografia bez stresu &#8211; EBSCOhost w praktyce | <strong>8 maja 2026 r.<\/strong> | Godzina: <strong>11:00<\/strong> (30 minut) | <a href=\"https:\/\/ebsco-polish.zoom.us\/webinar\/register\/WN_TkUdqnmmS1quba3vNl6WZw\" data-type=\"link\" data-id=\"https:\/\/ebsco-polish.zoom.us\/webinar\/register\/WN_TkUdqnmmS1quba3vNl6WZw\" target=\"_blank\" rel=\"noreferrer noopener\">Rejestracja<\/a><\/li>\n<\/ul>\n\n\n\n<ul class=\"wp-block-list\">\n<li>Art Source Ultimate w 20 minut: \u017ar\u00f3d\u0142a dla architekt\u00f3w i projektant\u00f3w | <strong>19 maja 2026 r.<\/strong> | Godzina: <strong>13:00<\/strong> (20 minut) | <a href=\"https:\/\/ebsco-polish.zoom.us\/webinar\/register\/WN_9tWjfvH2QKGynXtUjJLclg\" target=\"_blank\" rel=\"noreferrer noopener\">Rejestracja<\/a><\/li>\n<\/ul>\n\n\n\n<ul class=\"wp-block-list\">\n<li>Kluczowe tre\u015bci biznesowe w Business Source: Academy of Management, INFORMS i Harvard | <strong>21 maja 2026 r.<\/strong> | Godzina: <strong>14:00<\/strong> (40 minut) | <a href=\"https:\/\/ebsco-polish.zoom.us\/webinar\/register\/WN_ssY0YcIHQIeDu8SZbJHyeQ\" data-type=\"link\" data-id=\"https:\/\/ebsco-polish.zoom.us\/webinar\/register\/WN_ssY0YcIHQIeDu8SZbJHyeQ\" target=\"_blank\" rel=\"noreferrer noopener\">Rejestracja<\/a><\/li>\n<\/ul>\n\n\n\n<ul class=\"wp-block-list\">\n<li>Pobieranie e-ksi\u0105\u017cek w ca\u0142o\u015bci ponownie dost\u0119pne! Wszystko, co powiniene\u015b wiedzie\u0107 | <strong>27 maja 2026 r.<\/strong> | Godzina: <strong>10:00<\/strong> (40 minut) | <a href=\"https:\/\/ebsco-polish.zoom.us\/webinar\/register\/WN_LGVdTxQrTO-1zS3bA8nC6Q\" target=\"_blank\" rel=\"noreferrer noopener\">Rejestracja<\/a><\/li>\n<\/ul>\n\n\n\n<p><a href=\"https:\/\/about.ebsco.com\/pl-pl\/blogs\/ebscopost\/szkolenia-i-webinaria-ebsco-maj-2026?utm_medium=email&amp;utm_source=marketo-newsletter&amp;utm_campaign=0_cee-cis_academic_all_all_blog-post_marketo-newsletter_training_0_0_research_thought_leadership_202604&amp;mkt_tok=Njg5LUxOUS04NTUAAAGhci7XfZ6pK_KyPjcAz1mbcQ9petxoWSXuvO-irVQERK59JQkmQPc6qxoo53PiZB5rA-9pn2w1Qmc1-8g1hHXXFvwSxx1Ff1TnmXE1pxGeY5KKezl3\" target=\"_blank\" rel=\"noreferrer noopener\">Wi\u0119cej informacji o nadchodz\u0105cych szkoleniach<\/a><\/p>\n","protected":false},"excerpt":{"rendered":"<p>Firma EBSCO zaprasza wyk\u0142adowc\u00f3w, student\u00f3w oraz bibliotekarzy do udzia\u0142u w bezp\u0142atnych, otwartych szkoleniach online prowadzonych w j\u0119zyku polskim. Wi\u0119cej informacji o nadchodz\u0105cych szkoleniach<\/p>\n","protected":false},"author":3,"featured_media":375,"comment_status":"closed","ping_status":"closed","sticky":false,"template":"","format":"standard","meta":{"footnotes":""},"categories":[7],"tags":[],"class_list":["post-985","post","type-post","status-publish","format-standard","has-post-thumbnail","hentry","category-webinaria"],"_links":{"self":[{"href":"https:\/\/lib.tu.kielce.pl\/index.php\/wp-json\/wp\/v2\/posts\/985","targetHints":{"allow":["GET"]}}],"collection":[{"href":"https:\/\/lib.tu.kielce.pl\/index.php\/wp-json\/wp\/v2\/posts"}],"about":[{"href":"https:\/\/lib.tu.kielce.pl\/index.php\/wp-json\/wp\/v2\/types\/post"}],"author":[{"embeddable":true,"href":"https:\/\/lib.tu.kielce.pl\/index.php\/wp-json\/wp\/v2\/users\/3"}],"replies":[{"embeddable":true,"href":"https:\/\/lib.tu.kielce.pl\/index.php\/wp-json\/wp\/v2\/comments?post=985"}],"version-history":[{"count":0,"href":"https:\/\/lib.tu.kielce.pl\/index.php\/wp-json\/wp\/v2\/posts\/985\/revisions"}],"wp:featuredmedia":[{"embeddable":true,"href":"https:\/\/lib.tu.kielce.pl\/index.php\/wp-json\/wp\/v2\/media\/375"}],"wp:attachment":[{"href":"https:\/\/lib.tu.kielce.pl\/index.php\/wp-json\/wp\/v2\/media?parent=985"}],"wp:term":[{"taxonomy":"category","embeddable":true,"href":"https:\/\/lib.tu.kielce.pl\/index.php\/wp-json\/wp\/v2\/categories?post=985"},{"taxonomy":"post_tag","embeddable":true,"href":"https:\/\/lib.tu.kielce.pl\/index.php\/wp-json\/wp\/v2\/tags?post=985"}],"curies":[{"name":"wp","href":"https:\/\/api.w.org\/{rel}","templated":true}]}}