{"id":972,"date":"2026-04-01T10:24:20","date_gmt":"2026-04-01T08:24:20","guid":{"rendered":"https:\/\/lib.tu.kielce.pl\/?p=972"},"modified":"2026-04-01T10:24:21","modified_gmt":"2026-04-01T08:24:21","slug":"genai-w-pracy-naukowej-pisanie-analiza-danych-prezentacje","status":"publish","type":"post","link":"https:\/\/lib.tu.kielce.pl\/index.php\/2026\/04\/01\/genai-w-pracy-naukowej-pisanie-analiza-danych-prezentacje\/","title":{"rendered":"GenAI w pracy naukowej: pisanie, analiza danych, prezentacje"},"content":{"rendered":"\n<p>Centrum Kszta\u0142cenia IDEA zaprasza na bezp\u0142atny webinar:<\/p>\n\n\n\n<p><strong>GenAI w pracy naukowej: pisanie, analiza danych, prezentacje<\/strong><\/p>\n\n\n\n<p>Webinar poka\u017ce, jak wykorzysta\u0107 GenAI w trzech kluczowych obszarach pracy naukowej: pisaniu artyku\u0142\u00f3w, analizie statystycznej oraz tworzeniu prezentacji.<br>Uczestnicy zobacz\u0105 konkretne zastosowania narz\u0119dzi AI, kt\u00f3re pozwalaj\u0105 skr\u00f3ci\u0107 czas pracy, uporz\u0105dkowa\u0107 proces badawczy i poprawi\u0107 jako\u015b\u0107 efekt\u00f3w.<\/p>\n\n\n\n<p>Prowadzenie: dr Przemys\u0142aw Tomczyk<\/p>\n\n\n\n<p>Webinar odb\u0119dzie si\u0119 <strong>7 kwietnia 2026 <\/strong>(wtorek), w godz. <strong>17.00-18.00<\/strong>.<\/p>\n\n\n\n<p>Formularz zg\u0142oszeniowy oraz szczeg\u00f3\u0142owe informacje:<\/p>\n\n\n\n<p><a href=\"https:\/\/centrumidea.pl\/ai\/genai-w-pracy-naukowej\" target=\"_blank\" rel=\"noreferrer noopener\">https:\/\/centrumidea.pl\/ai\/genai-w-pracy-naukowej<\/a><\/p>\n","protected":false},"excerpt":{"rendered":"<p>Centrum Kszta\u0142cenia IDEA zaprasza na bezp\u0142atny webinar: GenAI w pracy naukowej: pisanie, analiza danych, prezentacje Webinar poka\u017ce, jak wykorzysta\u0107 GenAI w trzech kluczowych obszarach pracy naukowej: pisaniu artyku\u0142\u00f3w, analizie statystycznej oraz tworzeniu prezentacji.Uczestnicy zobacz\u0105 konkretne zastosowania narz\u0119dzi AI, kt\u00f3re pozwalaj\u0105 skr\u00f3ci\u0107 czas pracy, uporz\u0105dkowa\u0107 proces badawczy i poprawi\u0107 jako\u015b\u0107 efekt\u00f3w. Prowadzenie: dr Przemys\u0142aw Tomczyk Webinar [&hellip;]<\/p>\n","protected":false},"author":3,"featured_media":337,"comment_status":"closed","ping_status":"closed","sticky":false,"template":"","format":"standard","meta":{"footnotes":""},"categories":[7],"tags":[],"class_list":["post-972","post","type-post","status-publish","format-standard","has-post-thumbnail","hentry","category-webinaria"],"_links":{"self":[{"href":"https:\/\/lib.tu.kielce.pl\/index.php\/wp-json\/wp\/v2\/posts\/972","targetHints":{"allow":["GET"]}}],"collection":[{"href":"https:\/\/lib.tu.kielce.pl\/index.php\/wp-json\/wp\/v2\/posts"}],"about":[{"href":"https:\/\/lib.tu.kielce.pl\/index.php\/wp-json\/wp\/v2\/types\/post"}],"author":[{"embeddable":true,"href":"https:\/\/lib.tu.kielce.pl\/index.php\/wp-json\/wp\/v2\/users\/3"}],"replies":[{"embeddable":true,"href":"https:\/\/lib.tu.kielce.pl\/index.php\/wp-json\/wp\/v2\/comments?post=972"}],"version-history":[{"count":0,"href":"https:\/\/lib.tu.kielce.pl\/index.php\/wp-json\/wp\/v2\/posts\/972\/revisions"}],"wp:featuredmedia":[{"embeddable":true,"href":"https:\/\/lib.tu.kielce.pl\/index.php\/wp-json\/wp\/v2\/media\/337"}],"wp:attachment":[{"href":"https:\/\/lib.tu.kielce.pl\/index.php\/wp-json\/wp\/v2\/media?parent=972"}],"wp:term":[{"taxonomy":"category","embeddable":true,"href":"https:\/\/lib.tu.kielce.pl\/index.php\/wp-json\/wp\/v2\/categories?post=972"},{"taxonomy":"post_tag","embeddable":true,"href":"https:\/\/lib.tu.kielce.pl\/index.php\/wp-json\/wp\/v2\/tags?post=972"}],"curies":[{"name":"wp","href":"https:\/\/api.w.org\/{rel}","templated":true}]}}