{"id":962,"date":"2026-03-12T11:47:15","date_gmt":"2026-03-12T10:47:15","guid":{"rendered":"https:\/\/lib.tu.kielce.pl\/?p=962"},"modified":"2026-03-12T11:47:16","modified_gmt":"2026-03-12T10:47:16","slug":"elektroniczny-informator-biblioteki-glownej-luty-marzec-2026","status":"publish","type":"post","link":"https:\/\/lib.tu.kielce.pl\/index.php\/2026\/03\/12\/elektroniczny-informator-biblioteki-glownej-luty-marzec-2026\/","title":{"rendered":"Elektroniczny Informator Biblioteki G\u0142\u00f3wnej &#8211; luty\/marzec 2026"},"content":{"rendered":"\n<p>Witamy w kolejnym numerze Informatora i zapraszamy do zapoznania si\u0119 z aktualn\u0105 ofert\u0105 Biblioteki.<\/p>\n\n\n\n<hr class=\"wp-block-separator has-alpha-channel-opacity\"\/>\n\n\n\n<p><strong>Aktualno\u015bci<\/strong><\/p>\n\n\n\n<p><strong>Test<\/strong><\/p>\n\n\n\n<p>Od <strong>9 marca<\/strong> do <strong>8 maja 2026 r.<\/strong> pracownicy, doktoranci i studenci P\u015ak mog\u0105 korzysta\u0107 z dost\u0119pu testowego do bazy <a href=\"https:\/\/research.ebsco.com\/c\/iqacxn?db=tsh\" target=\"_blank\" rel=\"noreferrer noopener\">International Security&amp;Counter Terrorism Reference Center<\/a> na platformie <a href=\"https:\/\/search.ebscohost.com\/\" target=\"_blank\" rel=\"noreferrer noopener\">EBSCOhost<\/a>. Jest to kompleksowa baza danych do analizy bezpiecze\u0144stwa i zagro\u017ce\u0144, niezb\u0119dna dla analityk\u00f3w i badaczy bezpiecze\u0144stwa, zawieraj\u0105ca pe\u0142notekstowe artyku\u0142y, kana\u0142y informacyjne, raporty, ksi\u0105\u017cki i streszczenia obejmuj\u0105ce konflikty regionalne, terroryzm, bezpiecze\u0144stwo wewn\u0119trzne i opcje zarz\u0105dzania ryzykiem.<\/p>\n\n\n\n<p>Szkolenie dotycz\u0105ce bazy: <strong>International Security &amp; Counter Terrorism Reference w praktyce: kr\u00f3tki warsztat wyszukiwawczy<\/strong> | <strong>18 marca 2026 r.<\/strong> | Godzina: <strong>13:30<\/strong> (20 minut) | <a href=\"https:\/\/ebsco-polish.zoom.us\/webinar\/register\/WN_Ow67cwjWS66G6bmJ54vkDg\" target=\"_blank\" rel=\"noreferrer noopener\">Rejestracja<\/a><\/p>\n\n\n\n<p><strong>Szkolenie z Knovela<\/strong><\/p>\n\n\n\n<p>Zapraszamy na szkolenie w j\u0119zyku angielskim z narz\u0119dzia <a href=\"http:\/\/app.knovel.com\/\" target=\"_blank\" rel=\"noreferrer noopener\">Knovel<\/a>, na kt\u00f3rym pokazane zostan\u0105 wszystkie mo\u017cliwo\u015bci wyszukiwania w\u0142\u0105cznie z wyszukiwaniem w\u0142a\u015bciwo\u015bci materia\u0142\u00f3w i wyszukiwaniem AI. <\/p>\n\n\n\n<p>Data: <strong>19 marca br.<\/strong> | Godzina: <strong>11.00<\/strong> | Prowadzenie: Christian Vier | <a href=\"https:\/\/view.highspot.com\/viewer\/30d64168f4a0307ff448ec31fc518fb9\" data-type=\"link\" data-id=\"https:\/\/view.highspot.com\/viewer\/30d64168f4a0307ff448ec31fc518fb9\" target=\"_blank\" rel=\"noreferrer noopener\">Rejestracja<\/a><\/p>\n\n\n\n<p><strong>LEX Expert AI<\/strong><\/p>\n\n\n\n<p>Mamy mo\u017cliwo\u015b\u0107 skorzystania z prezentacji oraz wersji testowej <a href=\"http:\/\/lib.tu.kielce.pl\/wp-content\/uploads\/2026\/03\/LEX_Expert_AI_Wolters_Kluwer.pdf\" target=\"_blank\" rel=\"noreferrer noopener\">LEX Expert AI<\/a> &#8211; jedynego czatu AI bazuj\u0105cego na zasobach Systemu Informacji Prawnej LEX.<\/p>\n\n\n\n<p>Zainteresowanych skorzystaniem ze zdalnej prezentacji oraz testu prosimy o nades\u0142anie zg\u0142oszenia pod adres: <a href=\"mailto:bibat@tu.kielce.pl?subject=LEX%20Expert%20AI\" target=\"_blank\" rel=\"noreferrer noopener\">bibat(at)tu.kielce.pl<\/a><\/p>\n\n\n\n<hr class=\"wp-block-separator has-alpha-channel-opacity\"\/>\n\n\n\n<p><strong>Nowo\u015bci w Bibliotece<\/strong><\/p>\n\n\n\n<p>Wybrane nowe ksi\u0105\u017cki z bie\u017c\u0105cych zakup\u00f3w i wymiany:<\/p>\n\n\n\n<ul class=\"wp-block-list\">\n<li><a href=\"http:\/\/katalog.tu.kielce.pl\/EOSWeb\/OPAC\/TitleView\/CompleteDisplay.aspx?FromOPAC=true&amp;DbCode=0&amp;PatronCode=0&amp;Language=british&amp;RwSearchCode=0&amp;BibCodes=849721436\" target=\"_blank\" rel=\"noreferrer noopener\">Trwa\u0142o\u015b\u0107 nap\u0119d\u00f3w hydrostatycznych \/ Leszek U\u0142anowicz<\/a><\/li>\n\n\n\n<li><a href=\"http:\/\/katalog.tu.kielce.pl\/EOSWeb\/OPAC\/TitleView\/CompleteDisplay.aspx?FromOPAC=true&amp;DbCode=0&amp;PatronCode=0&amp;Language=british&amp;RwSearchCode=0&amp;BibCodes=854075877\" target=\"_blank\" rel=\"noreferrer noopener\">Najnowsze trendy, koncepcje i metody w zarz\u0105dzaniu : nowoczesne zarz\u0105dzanie \/ redakcja naukowa Konrad Michalski, Agnieszka Werenowska<\/a><\/li>\n\n\n\n<li><a href=\"http:\/\/katalog.tu.kielce.pl\/EOSWeb\/OPAC\/TitleView\/CompleteDisplay.aspx?FromOPAC=true&amp;DbCode=0&amp;PatronCode=0&amp;Language=british&amp;RwSearchCode=0&amp;BibCodes=854076206\" target=\"_blank\" rel=\"noreferrer noopener\">Ultralearning: master hard skills, outsmart the competition, and accelerate your career \/ Scott H. Young<\/a><\/li>\n\n\n\n<li><a href=\"http:\/\/katalog.tu.kielce.pl\/EOSWeb\/OPAC\/TitleView\/CompleteDisplay.aspx?FromOPAC=true&amp;DbCode=0&amp;PatronCode=0&amp;Language=british&amp;RwSearchCode=0&amp;BibCodes=854077623\" target=\"_blank\" rel=\"noreferrer noopener\">R Programming Fundamentals : Deal with data using various modeling techniques \/ Kaelen Medeiros<\/a><\/li>\n\n\n\n<li><a href=\"http:\/\/katalog.tu.kielce.pl\/EOSWeb\/OPAC\/TitleView\/CompleteDisplay.aspx?FromOPAC=true&amp;DbCode=0&amp;PatronCode=0&amp;Language=british&amp;RwSearchCode=0&amp;BibCodes=854084419\" target=\"_blank\" rel=\"noreferrer noopener\">Zarz\u0105dzanie bezpiecze\u0144stwem elektroenergetycznym Unii Europejskiej \/ Artem Stopochkin, Inessa Sytnik<\/a><\/li>\n<\/ul>\n\n\n\n<p>Wi\u0119cej informacji o nowo\u015bciach ksi\u0105\u017ckowych <a href=\"https:\/\/lib.tu.kielce.pl\/index.php\/category\/aktualnosci\/nowosci-ksiazkowe\/\" data-type=\"link\" data-id=\"https:\/\/lib.tu.kielce.pl\/index.php\/category\/aktualnosci\/nowosci-ksiazkowe\/\" target=\"_blank\" rel=\"noreferrer noopener\">na stronie Biblioteki<\/a>.<\/p>\n\n\n\n<hr class=\"wp-block-separator has-alpha-channel-opacity\"\/>\n\n\n\n<p><strong>Polecane publikacje pe\u0142notekstowe dost\u0119pne bezp\u0142atnie w Internecie<\/strong><\/p>\n\n\n\n<ul class=\"wp-block-list\">\n<li><a href=\"https:\/\/bankikredyt.nbp.pl\/\" target=\"_blank\" rel=\"noreferrer noopener\">Bank i Kredyt<\/a> &#8211; dwumiesi\u0119cznik z zakresu ekonomii i finans\u00f3w, po\u015bwi\u0119cony mechanizmom ekonomicznym,  procesom pieni\u0119\u017cnym, rynkom finansowym oraz funkcjonowaniu instytucji finansowych.<\/li>\n\n\n\n<li><a href=\"https:\/\/log24.pl\/e-wydania\/\" target=\"_blank\" rel=\"noreferrer noopener\">Eurologistics<\/a> &#8211; czasopismo z dziedziny logistyki, transportu, produkcji, magazynowania i e-commerce. Dost\u0119p do pe\u0142nych tekst\u00f3w po podaniu adresu e-mail.<\/li>\n\n\n\n<li><a href=\"https:\/\/reference-global.com\/journal\/FIQF\" target=\"_blank\" rel=\"noreferrer noopener\">Financial Internet Quarterly<\/a> &#8211; czasopismo naukowe z zakresu finans\u00f3w wydawane przez Wy\u017csz\u0105 Szko\u0142\u0119 Informatyki i Zarz\u0105dzania w Rzeszowie<\/li>\n\n\n\n<li><a href=\"https:\/\/gwits.pl\/\" target=\"_blank\" rel=\"noreferrer noopener\">Gaz, Woda, Technika Sanitarna<\/a> &#8211; czasopismo naukowe, publikuj\u0105ce artyku\u0142y z obszar\u00f3w: gazownictwa, wodoci\u0105g\u00f3w i kanalizacji, techniki sanitarnej, OZE, zr\u00f3wnowa\u017conego rozwoju i in.<\/li>\n<\/ul>\n\n\n\n<hr class=\"wp-block-separator has-alpha-channel-opacity\"\/>\n\n\n\n<p><strong>Przypominamy!<\/strong><\/p>\n\n\n\n<p>Dla os\u00f3b, kt\u00f3re chcia\u0142yby zapozna\u0107 si\u0119 z nowymi funkcjonalno\u015bciami w bazach i narz\u0119dziach EBSCO mamy nagrania ostatnich szkole\u0144 z tego zakresu. Zapraszamy do skorzystania.<\/p>\n\n\n\n<ul class=\"wp-block-list\">\n<li><a href=\"https:\/\/ebsco-polish.zoom.us\/rec\/share\/ZSZoWSsM9NhZtoZDSRYP-Z-cXF2apjHPN3yXoKtRg8ogrDkbRUA89ROiKN_2c18q.cBxY-rH8fhoqeNl1\" data-type=\"link\" data-id=\"https:\/\/ebsco-polish.zoom.us\/rec\/share\/ZSZoWSsM9NhZtoZDSRYP-Z-cXF2apjHPN3yXoKtRg8ogrDkbRUA89ROiKN_2c18q.cBxY-rH8fhoqeNl1\" target=\"_blank\" rel=\"noreferrer noopener\">Nowo\u015bci na platformach EBSCO: Liczba cytowa\u0144, funkcja AI i wyszukiwanie w j\u0119zyku naturalnym<\/a> &#8211; podczas spotkania prowadz\u0105ca zaprezentowa\u0142a: podsumowania AI, wyszukiwanie w j\u0119zyku naturalnym, referencje, liczb\u0119 cytowa\u0144, list\u0119 podobnych artyku\u0142\u00f3w, profile autor\u00f3w.<\/li>\n\n\n\n<li><a href=\"https:\/\/youtu.be\/_wF4bYPAYsg\" target=\"_blank\" rel=\"noreferrer noopener\">Piszesz prac\u0119 zaliczeniow\u0105? Sprawd\u017a jak EBSCO mo\u017ce pom\u00f3c w znalezieniu literatury<\/a> &#8211; szkolenie z zakresu wykorzystania platformy EBSCOhost podczas pisania prac zaliczeniowych oraz naukowych.<\/li>\n<\/ul>\n\n\n\n<p>Dodatkowe \u017ar\u00f3d\u0142a instrukta\u017cowe EBSCO:<\/p>\n\n\n\n<ul class=\"wp-block-list\">\n<li>Filmy instrukta\u017cowe i nagrania szkole\u0144: <a href=\"https:\/\/www.youtube.com\/@ebscopolska4041\/videos\" target=\"_blank\" rel=\"noreferrer noopener\">https:\/\/www.youtube.com\/@ebscopolska4041\/videos<\/a><\/li>\n\n\n\n<li>Przewodniki po platformie: <a href=\"https:\/\/connect.ebsco.com\/s\/article\/Zasoby-w-j-polskim?language=en_US\" target=\"_blank\" rel=\"noreferrer noopener\">https:\/\/connect.ebsco.com\/s\/article\/Zasoby-w-j-polskim?language=en_US<\/a><\/li>\n\n\n\n<li>Centrum pomocy EBSCO Connect: <a href=\"https:\/\/connect.ebsco.com\/\" target=\"_blank\" rel=\"noreferrer noopener\">https:\/\/connect.ebsco.com<\/a><\/li>\n\n\n\n<li>Przewodniki wideo w j\u0119zyku angielskim: <a href=\"https:\/\/www.youtube.com\/channel\/UCBC_CPlZqhatEZJN_oIldtg\" target=\"_blank\" rel=\"noreferrer noopener\">https:\/\/www.youtube.com\/channel\/UCBC_CPlZqhatEZJN_oIldtg<\/a><\/li>\n\n\n\n<li>Platforma e-learningowa EBSCO Academy: <a href=\"https:\/\/connect.ebsco.com\/s\/academy?language=en_US\" target=\"_blank\" rel=\"noreferrer noopener\">https:\/\/connect.ebsco.com\/s\/academy?language=en_US<\/a><\/li>\n<\/ul>\n\n\n\n<hr class=\"wp-block-separator has-alpha-channel-opacity\"\/>\n\n\n\n<p>Politechnika \u015awi\u0119tokrzyska Biblioteka G\u0142\u00f3wna<br>al. Tysi\u0105clecia Pa\u0144stwa Polskiego 7, 25-314 KIELCE<br>tel. 41 3424-483<br>www: <a href=\"https:\/\/lib.tu.kielce.pl\/\">https:\/\/lib.tu.kielce.pl\/<\/a><\/p>\n","protected":false},"excerpt":{"rendered":"<p>Witamy w kolejnym numerze Informatora i zapraszamy do zapoznania si\u0119 z aktualn\u0105 ofert\u0105 Biblioteki. Aktualno\u015bci Test Od 9 marca do 8 maja 2026 r. pracownicy, doktoranci i studenci P\u015ak mog\u0105 korzysta\u0107 z dost\u0119pu testowego do bazy International Security&amp;Counter Terrorism Reference Center na platformie EBSCOhost. Jest to kompleksowa baza danych do analizy bezpiecze\u0144stwa i zagro\u017ce\u0144, niezb\u0119dna [&hellip;]<\/p>\n","protected":false},"author":3,"featured_media":963,"comment_status":"closed","ping_status":"closed","sticky":false,"template":"","format":"standard","meta":{"footnotes":""},"categories":[9],"tags":[],"class_list":["post-962","post","type-post","status-publish","format-standard","has-post-thumbnail","hentry","category-informator"],"_links":{"self":[{"href":"https:\/\/lib.tu.kielce.pl\/index.php\/wp-json\/wp\/v2\/posts\/962","targetHints":{"allow":["GET"]}}],"collection":[{"href":"https:\/\/lib.tu.kielce.pl\/index.php\/wp-json\/wp\/v2\/posts"}],"about":[{"href":"https:\/\/lib.tu.kielce.pl\/index.php\/wp-json\/wp\/v2\/types\/post"}],"author":[{"embeddable":true,"href":"https:\/\/lib.tu.kielce.pl\/index.php\/wp-json\/wp\/v2\/users\/3"}],"replies":[{"embeddable":true,"href":"https:\/\/lib.tu.kielce.pl\/index.php\/wp-json\/wp\/v2\/comments?post=962"}],"version-history":[{"count":0,"href":"https:\/\/lib.tu.kielce.pl\/index.php\/wp-json\/wp\/v2\/posts\/962\/revisions"}],"wp:featuredmedia":[{"embeddable":true,"href":"https:\/\/lib.tu.kielce.pl\/index.php\/wp-json\/wp\/v2\/media\/963"}],"wp:attachment":[{"href":"https:\/\/lib.tu.kielce.pl\/index.php\/wp-json\/wp\/v2\/media?parent=962"}],"wp:term":[{"taxonomy":"category","embeddable":true,"href":"https:\/\/lib.tu.kielce.pl\/index.php\/wp-json\/wp\/v2\/categories?post=962"},{"taxonomy":"post_tag","embeddable":true,"href":"https:\/\/lib.tu.kielce.pl\/index.php\/wp-json\/wp\/v2\/tags?post=962"}],"curies":[{"name":"wp","href":"https:\/\/api.w.org\/{rel}","templated":true}]}}