{"id":904,"date":"2025-11-03T10:50:23","date_gmt":"2025-11-03T09:50:23","guid":{"rendered":"https:\/\/lib.tu.kielce.pl\/?p=904"},"modified":"2025-11-03T10:50:24","modified_gmt":"2025-11-03T09:50:24","slug":"ai-w-sluzbie-wiedzy-podejscie-ebsco-listopad-grudzien-2025","status":"publish","type":"post","link":"https:\/\/lib.tu.kielce.pl\/index.php\/2025\/11\/03\/ai-w-sluzbie-wiedzy-podejscie-ebsco-listopad-grudzien-2025\/","title":{"rendered":"AI w s\u0142u\u017cbie wiedzy: podej\u015bcie EBSCO &#8211; listopad\/grudzie\u0144 2025"},"content":{"rendered":"\n<p><strong>AI w s\u0142u\u017cbie wiedzy: podej\u015bcie EBSCO<\/strong> &#8211; Seria webinari\u00f3w | Sesje teoretyczne i praktyczne<\/p>\n\n\n\n<p>Sztuczna inteligencja zmienia spos\u00f3b, w jaki badacze, bibliotekarze i studenci odnajduj\u0105 i analizuj\u0105 wiedz\u0119. EBSCO podchodzi do AI z odpowiedzialno\u015bci\u0105, \u0142\u0105cz\u0105c innowacj\u0119 z etyk\u0105 i przejrzysto\u015bci\u0105. <\/p>\n\n\n\n<p>Od za\u0142o\u017ce\u0144 po realne zastosowania &#8211; we\u017a udzia\u0142 w sesjach i dowiedz si\u0119, jak EBSCO wykorzystuje AI, by wspiera\u0107 badania, edukacj\u0119 i odkrywanie wiedzy.<\/p>\n\n\n\n<p>Do\u0142\u0105cz do serii webinari\u00f3w <strong>\u201eAI w s\u0142u\u017cbie wiedzy: podej\u015bcie EBSCO\u201d<\/strong> &#8211; kr\u00f3tkich, merytorycznych spotka\u0144 online stworzonych z my\u015bl\u0105 o bibliotekarzach, badaczach i studentach w Polsce. Podczas ka\u017cdego spotkania eksperci EBSCO przedstawi\u0105 zar\u00f3wno teoretyczne podstawy, jak i praktyczne zastosowania sztucznej inteligencji w badaniach, edukacji i odkrywaniu wiedzy.<\/p>\n\n\n\n<ul class=\"wp-block-list\">\n<li>Rejestracja jest dost\u0119pna indywidualnie dla ka\u017cdej sesji.<\/li>\n\n\n\n<li>Ka\u017cda sesja b\u0119dzie powtarzana kilka tygodni p\u00f3\u017aniej, aby da\u0107 mo\u017cliwo\u015b\u0107 udzia\u0142u wszystkim zainteresowanym.<\/li>\n\n\n\n<li>Zapisz t\u0119 stron\u0119 w zak\u0142adkach, aby szybko znale\u017a\u0107 i zarejestrowa\u0107 si\u0119 na interesuj\u0105ce Ci\u0119 spotkania.<\/li>\n<\/ul>\n\n\n\n<p>Sesje teoretyczne:<\/p>\n\n\n\n<p><strong>Teoria i ramy odpowiedzialnego AI w EBSCO<\/strong><\/p>\n\n\n\n<p>\u200c<strong>13.11.2025<\/strong> | Czwartek | <strong>godz. \u200c11:00<\/strong> | <a href=\"https:\/\/go.ebsco.com\/Njg5LUxOUS04NTUAAAGd07-ofduW-5bdx0UkI8WtIFARrEA92dZOFEUPGM97w4AiBxrs_IyhO6VGZxrixp647YaftoM=\" target=\"_blank\" rel=\"noreferrer noopener\">REJESTRACJA<\/a><\/p>\n\n\n\n<p>\u200c<strong>4.12.2025<\/strong> | Czwartek | <strong>godz. \u200c11:00<\/strong> (powt\u00f3rzenie) | <a href=\"https:\/\/go.ebsco.com\/Njg5LUxOUS04NTUAAAGd07-ofUMSCSHE8WSS8WH3LvyV4ouEdaE5V49QNmproF4MXlMvpXp7jW_vlTB1arI3sLW38qY=\" target=\"_blank\" rel=\"noreferrer noopener\">REJESTRACJA<\/a><\/p>\n\n\n\n<p>Prelegent: Grzegorz Milewski | Senior Library Services Engineer, EBSCO<\/p>\n\n\n\n<p>Sesje praktyczne:<\/p>\n\n\n\n<p><strong>Demonstracje i zastosowania AI w EBSCO<\/strong><\/p>\n\n\n\n<p>\u200c<strong>19.11.2025<\/strong> | \u015aroda | <strong>godz. \u200c11:00<\/strong> | <a href=\"https:\/\/go.ebsco.com\/Njg5LUxOUS04NTUAAAGd07-ofS0VCDLnLtDLSge3czyl88VBWzxj9kvv2V15RLaT_CUCSZzMXO3Mg7kNjKQSeR4M7Fk=\" target=\"_blank\" rel=\"noreferrer noopener\">REJESTRACJA<\/a><\/p>\n\n\n\n<p>\u200c<strong>10.12.2025<\/strong> | \u015aroda | <strong>godz. \u200c11:00<\/strong> (powt\u00f3rzenie) | <a href=\"https:\/\/go.ebsco.com\/Njg5LUxOUS04NTUAAAGd07-ofbStCetHkyH_hfxDY9pg91qGk65PwF_ZVSjQ_78kjYHlYwBYlEiV-3FRLEd0uu67UFA=\" target=\"_blank\" rel=\"noreferrer noopener\">REJESTRACJA<\/a><\/p>\n\n\n\n<p>Prelegentka: Urszula Nowicka | Senior Customer Training Specialist, EBSCO<\/p>\n\n\n\n<p><\/p>\n","protected":false},"excerpt":{"rendered":"<p>AI w s\u0142u\u017cbie wiedzy: podej\u015bcie EBSCO &#8211; Seria webinari\u00f3w | Sesje teoretyczne i praktyczne Sztuczna inteligencja zmienia spos\u00f3b, w jaki badacze, bibliotekarze i studenci odnajduj\u0105 i analizuj\u0105 wiedz\u0119. EBSCO podchodzi do AI z odpowiedzialno\u015bci\u0105, \u0142\u0105cz\u0105c innowacj\u0119 z etyk\u0105 i przejrzysto\u015bci\u0105. Od za\u0142o\u017ce\u0144 po realne zastosowania &#8211; we\u017a udzia\u0142 w sesjach i dowiedz si\u0119, jak EBSCO [&hellip;]<\/p>\n","protected":false},"author":3,"featured_media":375,"comment_status":"closed","ping_status":"closed","sticky":false,"template":"","format":"standard","meta":{"footnotes":""},"categories":[7],"tags":[],"class_list":["post-904","post","type-post","status-publish","format-standard","has-post-thumbnail","hentry","category-webinaria"],"_links":{"self":[{"href":"https:\/\/lib.tu.kielce.pl\/index.php\/wp-json\/wp\/v2\/posts\/904","targetHints":{"allow":["GET"]}}],"collection":[{"href":"https:\/\/lib.tu.kielce.pl\/index.php\/wp-json\/wp\/v2\/posts"}],"about":[{"href":"https:\/\/lib.tu.kielce.pl\/index.php\/wp-json\/wp\/v2\/types\/post"}],"author":[{"embeddable":true,"href":"https:\/\/lib.tu.kielce.pl\/index.php\/wp-json\/wp\/v2\/users\/3"}],"replies":[{"embeddable":true,"href":"https:\/\/lib.tu.kielce.pl\/index.php\/wp-json\/wp\/v2\/comments?post=904"}],"version-history":[{"count":0,"href":"https:\/\/lib.tu.kielce.pl\/index.php\/wp-json\/wp\/v2\/posts\/904\/revisions"}],"wp:featuredmedia":[{"embeddable":true,"href":"https:\/\/lib.tu.kielce.pl\/index.php\/wp-json\/wp\/v2\/media\/375"}],"wp:attachment":[{"href":"https:\/\/lib.tu.kielce.pl\/index.php\/wp-json\/wp\/v2\/media?parent=904"}],"wp:term":[{"taxonomy":"category","embeddable":true,"href":"https:\/\/lib.tu.kielce.pl\/index.php\/wp-json\/wp\/v2\/categories?post=904"},{"taxonomy":"post_tag","embeddable":true,"href":"https:\/\/lib.tu.kielce.pl\/index.php\/wp-json\/wp\/v2\/tags?post=904"}],"curies":[{"name":"wp","href":"https:\/\/api.w.org\/{rel}","templated":true}]}}