{"id":898,"date":"2025-10-10T12:00:08","date_gmt":"2025-10-10T10:00:08","guid":{"rendered":"https:\/\/lib.tu.kielce.pl\/?p=898"},"modified":"2025-10-10T12:00:10","modified_gmt":"2025-10-10T10:00:10","slug":"szkolenia-i-webinaria-ebsco-pazdziernik-2025","status":"publish","type":"post","link":"https:\/\/lib.tu.kielce.pl\/index.php\/2025\/10\/10\/szkolenia-i-webinaria-ebsco-pazdziernik-2025\/","title":{"rendered":"Szkolenia i webinaria EBSCO &#8211; pa\u017adziernik 2025"},"content":{"rendered":"\n<p>Firma EBSCO zaprasza do udzia\u0142u w dost\u0119pnych bezp\u0142atnie, otwartych szkoleniach online w j\u0119zyku polskim.<\/p>\n\n\n\n<ul class=\"wp-block-list\">\n<li>Praktyka piel\u0119gniarska: nowe bazy referencyjne EBSCO | <strong>15 pa\u017adziernika 2025 r.<\/strong> | Godzina: <strong>10:30<\/strong> (60 minut) | <a href=\"https:\/\/ebsco-polish.zoom.us\/webinar\/register\/WN_7XS9wkB8TQSJoDB5VOMJmw\" target=\"_blank\" rel=\"noreferrer noopener\">Rejestracja<\/a><\/li>\n\n\n\n<li>Wyszukiwanie w CINAHL Ultimate krok po kroku | <strong>17 pa\u017adziernika 2025 r.<\/strong> | Godzina: <strong>10:00<\/strong> (50 minut) | <a href=\"https:\/\/ebsco-polish.zoom.us\/webinar\/register\/WN_KxAy2CAIQnaITxv4v3vzgw\" target=\"_blank\" rel=\"noreferrer noopener\">Rejestracja<\/a><\/li>\n\n\n\n<li>Pierwsze kroki z platform\u0105 EBSCO &#8211; jak skutecznie wyszukiwa\u0107 literatur\u0119 naukow\u0105 | <strong>23 pa\u017adziernika 2025 r.<\/strong> | Godzina: <strong>10:00<\/strong> (45 minut) | <a href=\"https:\/\/ebsco-polish.zoom.us\/webinar\/register\/WN_5KEsV0MDTHqV6aeBWkaU9A\" target=\"_blank\" rel=\"noreferrer noopener\">Rejestracja<\/a><\/li>\n\n\n\n<li>EBSCOhost Passport &#8211; rozszerzenie przegl\u0105darki umo\u017cliwiaj\u0105ce \u0142atwe \u0142\u0105czenie z zasobami biblioteki | <strong>29 pa\u017adziernika 2025 r.<\/strong> | Godzina: <strong>12:00<\/strong> (30 minut) | <a href=\"https:\/\/ebsco-polish.zoom.us\/webinar\/register\/WN_U8FkR0mxSYSh72qcg9lkzw\" target=\"_blank\" rel=\"noreferrer noopener\">Rejestracja<\/a><\/li>\n<\/ul>\n\n\n\n<p><a href=\"https:\/\/about.ebsco.com\/pl-pl\/blogs\/ebscopost\/szkolenia-i-webinaria-ebsco-pazdziernik-2025?utm_medium=email&amp;utm_source=marketo-newsletter&amp;utm_campaign=0_cee-cis_academic_all_all_blog-post_marketo-newsletter_training_0_0_202510&amp;mkt_tok=Njg5LUxOUS04NTUAAAGdaFo5wBY4svNbLevwS-npEUlHC3_gZURkhUaQczVSpSlukxwVU0J-GWwE2VGP7yNBhnYwJfBdCkbLWNO1CQaWJacTYjJvg7lXaWqEY_Sdx2Gap8t-\" data-type=\"link\" data-id=\"https:\/\/about.ebsco.com\/pl-pl\/blogs\/ebscopost\/szkolenia-i-webinaria-ebsco-pazdziernik-2025?utm_medium=email&amp;utm_source=marketo-newsletter&amp;utm_campaign=0_cee-cis_academic_all_all_blog-post_marketo-newsletter_training_0_0_202510&amp;mkt_tok=Njg5LUxOUS04NTUAAAGdaFo5wBY4svNbLevwS-npEUlHC3_gZURkhUaQczVSpSlukxwVU0J-GWwE2VGP7yNBhnYwJfBdCkbLWNO1CQaWJacTYjJvg7lXaWqEY_Sdx2Gap8t-\" target=\"_blank\" rel=\"noreferrer noopener\">Wi\u0119cej informacji o nadchodz\u0105cych szkoleniach<\/a><\/p>\n\n\n\n<hr class=\"wp-block-separator has-alpha-channel-opacity\"\/>\n\n\n\n<p>Sesje wydawc\u00f3w<\/p>\n\n\n\n<p>Zapraszamy do udzia\u0142u w sesjach szkoleniowych oraz webinariach organizowanych przez wydawc\u00f3w. Sesje odb\u0119d\u0105 si\u0119 w j\u0119zyku angielskim.<\/p>\n\n\n\n<p>Taylor &amp; Francis<\/p>\n\n\n\n<ul class=\"wp-block-list\">\n<li>Exploring Open Access Publishing: Strategies for Successful Outcomes | <strong>15 pa\u017adziernika 2025 r.<\/strong> | Godzina <strong>10:00-11:30<\/strong> czasu polskiego | <a href=\"https:\/\/go.ebsco.com\/Njg5LUxOUS04NTUAAAGdaFo5wD-SzCyNHH2vtPE3vYPrBSKEFMMoMm1IZ7IjiYuAEl6rs42to_mWZ3c3Lv-fLgA2-94=\" data-type=\"link\" data-id=\"https:\/\/go.ebsco.com\/Njg5LUxOUS04NTUAAAGdaFo5wD-SzCyNHH2vtPE3vYPrBSKEFMMoMm1IZ7IjiYuAEl6rs42to_mWZ3c3Lv-fLgA2-94=\" target=\"_blank\" rel=\"noreferrer noopener\">Rejestracja<\/a><\/li>\n<\/ul>\n\n\n\n<p>IEEE<\/p>\n\n\n\n<ul class=\"wp-block-list\">\n<li>IEEE Authorship and Open Access Syposium for EMEA and Latin America | <strong>15 pa\u017adziernika 2025 r.<\/strong> | Godzina <strong>15:00<\/strong> czasu polskiego | <a href=\"https:\/\/go.ebsco.com\/Njg5LUxOUS04NTUAAAGdaFo5wF13Twuy7IpEJGRK9eloepTm_mU8_BIjef4ThStQfXQDhgHSgUCXgh0WKb7XPwESnBc=\" target=\"_blank\" rel=\"noreferrer noopener\">Rejestracja<\/a><\/li>\n<\/ul>\n","protected":false},"excerpt":{"rendered":"<p>Firma EBSCO zaprasza do udzia\u0142u w dost\u0119pnych bezp\u0142atnie, otwartych szkoleniach online w j\u0119zyku polskim. Wi\u0119cej informacji o nadchodz\u0105cych szkoleniach Sesje wydawc\u00f3w Zapraszamy do udzia\u0142u w sesjach szkoleniowych oraz webinariach organizowanych przez wydawc\u00f3w. Sesje odb\u0119d\u0105 si\u0119 w j\u0119zyku angielskim. Taylor &amp; Francis IEEE<\/p>\n","protected":false},"author":3,"featured_media":375,"comment_status":"closed","ping_status":"closed","sticky":false,"template":"","format":"standard","meta":{"footnotes":""},"categories":[7],"tags":[],"class_list":["post-898","post","type-post","status-publish","format-standard","has-post-thumbnail","hentry","category-webinaria"],"_links":{"self":[{"href":"https:\/\/lib.tu.kielce.pl\/index.php\/wp-json\/wp\/v2\/posts\/898","targetHints":{"allow":["GET"]}}],"collection":[{"href":"https:\/\/lib.tu.kielce.pl\/index.php\/wp-json\/wp\/v2\/posts"}],"about":[{"href":"https:\/\/lib.tu.kielce.pl\/index.php\/wp-json\/wp\/v2\/types\/post"}],"author":[{"embeddable":true,"href":"https:\/\/lib.tu.kielce.pl\/index.php\/wp-json\/wp\/v2\/users\/3"}],"replies":[{"embeddable":true,"href":"https:\/\/lib.tu.kielce.pl\/index.php\/wp-json\/wp\/v2\/comments?post=898"}],"version-history":[{"count":0,"href":"https:\/\/lib.tu.kielce.pl\/index.php\/wp-json\/wp\/v2\/posts\/898\/revisions"}],"wp:featuredmedia":[{"embeddable":true,"href":"https:\/\/lib.tu.kielce.pl\/index.php\/wp-json\/wp\/v2\/media\/375"}],"wp:attachment":[{"href":"https:\/\/lib.tu.kielce.pl\/index.php\/wp-json\/wp\/v2\/media?parent=898"}],"wp:term":[{"taxonomy":"category","embeddable":true,"href":"https:\/\/lib.tu.kielce.pl\/index.php\/wp-json\/wp\/v2\/categories?post=898"},{"taxonomy":"post_tag","embeddable":true,"href":"https:\/\/lib.tu.kielce.pl\/index.php\/wp-json\/wp\/v2\/tags?post=898"}],"curies":[{"name":"wp","href":"https:\/\/api.w.org\/{rel}","templated":true}]}}