{"id":683,"date":"2024-04-24T09:51:44","date_gmt":"2024-04-24T07:51:44","guid":{"rendered":"https:\/\/lib.tu.kielce.pl\/?p=683"},"modified":"2024-04-24T09:51:45","modified_gmt":"2024-04-24T07:51:45","slug":"prenumerata-czasopism-na-2025-r","status":"publish","type":"post","link":"https:\/\/lib.tu.kielce.pl\/index.php\/2024\/04\/24\/prenumerata-czasopism-na-2025-r\/","title":{"rendered":"Prenumerata czasopism na 2025 r."},"content":{"rendered":"\n<p>W zwi\u0105zku z rozpocz\u0119ciem przygotowa\u0144 do prenumeraty czasopism na rok <strong>2025<\/strong> Biblioteka P\u015ak zwraca si\u0119 z pro\u015bb\u0105 o <strong>zg\u0142aszanie propozycji tytu\u0142\u00f3w<\/strong> czasopism polskich i zagranicznych niezb\u0119dnych do realizacji procesu naukowo-dydaktycznego. Zostan\u0105 one przedstawione do akceptacji dyrektorom dyscyplin naukowych i dziekanom poszczeg\u00f3lnych wydzia\u0142\u00f3w, kt\u00f3rzy zadecyduj\u0105 o ostatecznym kszta\u0142cie prenumeraty.<\/p>\n\n\n\n<p>Pomoc\u0105 w wyborze niezb\u0119dnej literatury mo\u017ce by\u0107 <a rel=\"noreferrer noopener\" href=\"https:\/\/www.gov.pl\/web\/nauka\/komunikat-ministra-nauki-z-dnia-05-stycznia-2024-r-w-sprawie-wykazu-czasopism-naukowych-i-recenzowanych-materialow-z-konferencji-miedzynarodowych\" target=\"_blank\">Wykaz czasopism naukowych i recenzowanych materia\u0142\u00f3w z konferencji mi\u0119dzynarodowych<\/a> (komunikat z dn. 5 stycznia 2024 r.).<\/p>\n\n\n\n<p>Tytu\u0142y, kt\u00f3re nie zostan\u0105 zg\u0142oszone w terminie <strong>do 31 maja 2024 r.<\/strong> mog\u0105 nie zosta\u0107 uwzgl\u0119dnione na li\u015bcie prenumeraty na 2025 r.<\/p>\n\n\n\n<p>Propozycje mo\u017cna zg\u0142asza\u0107 telefonicznie pod numerem wew. 443 lub e-mailem pod adresem: <a href=\"mailto:bibej@tu.kielce.pl?subject=Propozycje%20tytu\u0142\u00f3w%20do%20prenumeraty%20na%202025%20r.\">bibej(at)tu.kielce.pl<\/a>.<\/p>\n\n\n\n<p>Zach\u0119camy gor\u0105co do wsp\u00f3\u0142pracy. B\u0119dziemy wdzi\u0119czni za wszelkie sugestie dotycz\u0105ce wzbogacania zasob\u00f3w bibliotecznych.<\/p>\n","protected":false},"excerpt":{"rendered":"<p>W zwi\u0105zku z rozpocz\u0119ciem przygotowa\u0144 do prenumeraty czasopism na rok 2025 Biblioteka P\u015ak zwraca si\u0119 z pro\u015bb\u0105 o zg\u0142aszanie propozycji tytu\u0142\u00f3w czasopism polskich i zagranicznych niezb\u0119dnych do realizacji procesu naukowo-dydaktycznego. Zostan\u0105 one przedstawione do akceptacji dyrektorom dyscyplin naukowych i dziekanom poszczeg\u00f3lnych wydzia\u0142\u00f3w, kt\u00f3rzy zadecyduj\u0105 o ostatecznym kszta\u0142cie prenumeraty. Pomoc\u0105 w wyborze niezb\u0119dnej literatury mo\u017ce by\u0107 [&hellip;]<\/p>\n","protected":false},"author":3,"featured_media":684,"comment_status":"closed","ping_status":"closed","sticky":false,"template":"","format":"standard","meta":{"footnotes":""},"categories":[5],"tags":[],"class_list":["post-683","post","type-post","status-publish","format-standard","has-post-thumbnail","hentry","category-komunikaty"],"_links":{"self":[{"href":"https:\/\/lib.tu.kielce.pl\/index.php\/wp-json\/wp\/v2\/posts\/683","targetHints":{"allow":["GET"]}}],"collection":[{"href":"https:\/\/lib.tu.kielce.pl\/index.php\/wp-json\/wp\/v2\/posts"}],"about":[{"href":"https:\/\/lib.tu.kielce.pl\/index.php\/wp-json\/wp\/v2\/types\/post"}],"author":[{"embeddable":true,"href":"https:\/\/lib.tu.kielce.pl\/index.php\/wp-json\/wp\/v2\/users\/3"}],"replies":[{"embeddable":true,"href":"https:\/\/lib.tu.kielce.pl\/index.php\/wp-json\/wp\/v2\/comments?post=683"}],"version-history":[{"count":0,"href":"https:\/\/lib.tu.kielce.pl\/index.php\/wp-json\/wp\/v2\/posts\/683\/revisions"}],"wp:featuredmedia":[{"embeddable":true,"href":"https:\/\/lib.tu.kielce.pl\/index.php\/wp-json\/wp\/v2\/media\/684"}],"wp:attachment":[{"href":"https:\/\/lib.tu.kielce.pl\/index.php\/wp-json\/wp\/v2\/media?parent=683"}],"wp:term":[{"taxonomy":"category","embeddable":true,"href":"https:\/\/lib.tu.kielce.pl\/index.php\/wp-json\/wp\/v2\/categories?post=683"},{"taxonomy":"post_tag","embeddable":true,"href":"https:\/\/lib.tu.kielce.pl\/index.php\/wp-json\/wp\/v2\/tags?post=683"}],"curies":[{"name":"wp","href":"https:\/\/api.w.org\/{rel}","templated":true}]}}