{"id":587,"date":"2023-10-19T11:09:11","date_gmt":"2023-10-19T09:09:11","guid":{"rendered":"https:\/\/lib.tu.kielce.pl\/?p=587"},"modified":"2023-10-19T11:09:12","modified_gmt":"2023-10-19T09:09:12","slug":"elektroniczny-informator-biblioteki-glownej-pazdziernik-2023","status":"publish","type":"post","link":"https:\/\/lib.tu.kielce.pl\/index.php\/2023\/10\/19\/elektroniczny-informator-biblioteki-glownej-pazdziernik-2023\/","title":{"rendered":"Elektroniczny Informator Biblioteki G\u0142\u00f3wnej &#8211; pa\u017adziernik 2023"},"content":{"rendered":"\n<p>Witamy w nowym roku akademickim 2023\/2024 i zapraszamy do zapoznania si\u0119 z najnowsz\u0105 ofert\u0105 Biblioteki.<\/p>\n\n\n\n<hr class=\"wp-block-separator has-alpha-channel-opacity\"\/>\n\n\n\n<p><strong>Aktualno\u015bci<\/strong><\/p>\n\n\n\n<p><strong>Ograniczenia w funkcjonowaniu Biblioteki<\/strong><\/p>\n\n\n\n<p>Z powodu prac remontowych prowadzonych w budynku Biblioteki dost\u0119p do samodzielnego korzystania z ksi\u0119gozbioru zosta\u0142 ograniczony. Istnieje mo\u017cliwo\u015b\u0107 zwr\u00f3cenia wypo\u017cyczonych ksi\u0105\u017cek, prolongowania ich oraz podbicia obieg\u00f3wki przy ladzie w Wypo\u017cyczalni. W przypadku konieczno\u015bci wypo\u017cyczenia ksi\u0105\u017cek nale\u017cy zwr\u00f3ci\u0107 si\u0119 do dy\u017curnego bibliotekarza o przyniesienie potrzebnych pozycji. Brak natomiast mo\u017cliwo\u015bci korzystania z czasopism.<br>Za utrudnienia przepraszamy. <\/p>\n\n\n\n<p><strong>Uzupe\u0142nianie zbior\u00f3w &#8211; informacja dla wyk\u0142adowc\u00f3w i student\u00f3w<\/strong><\/p>\n\n\n\n<p>W zwi\u0105zku z rozpocz\u0119ciem nowego roku akademickiego prosimy wszystkich u\u017cytkownik\u00f3w Biblioteki o sugestie w sprawie zakupu niezb\u0119dnych w procesie dydaktycznym ksi\u0105\u017cek do naszych zbior\u00f3w. Zam\u00f3wienia na nowo\u015bci ksi\u0105\u017ckowe mo\u017cna sk\u0142ada\u0107 za po\u015brednictwem maila: <a href=\"mailto:mb@tu.kielce.pl?subject=Zam\u00f3wienie%20na%20ksi\u0105\u017cki\" target=\"_blank\" rel=\"noreferrer noopener\">mb(at)tu.kielce.pl<\/a>, formularza zam\u00f3wie\u0144 dost\u0119pnego na stronie Biblioteki: <a rel=\"noreferrer noopener\" href=\"http:\/\/lib.tu.kielce.pl\/zamowienia\/login2\" target=\"_blank\">http:\/\/lib.tu.kielce.pl\/zamowienia\/login2<\/a> lub bezpo\u015brednio u bibliotekarza, zawsze \u00a0po wcze\u015bniejszym sprawdzeniu czy dany tytu\u0142 nie znajduje si\u0119 ju\u017c w zbiorach Biblioteki (<a rel=\"noreferrer noopener\" href=\"http:\/\/katalog.tu.kielce.pl\/\" target=\"_blank\">katalog online<\/a>). Ka\u017cde zam\u00f3wienie na ksi\u0105\u017cki jest weryfikowane przez pracownika OGiOZ w celu ustalenia odpowiedniej liczby egzemplarzy do zakupu.<\/p>\n\n\n\n<p><strong>Writefull &#8211; narz\u0119dzie do korekty tekst\u00f3w naukowych w j\u0119zyku angielskim<\/strong><\/p>\n\n\n\n<p>W roku akademickim 2023\/24 subskrypcja Writefull b\u0119dzie kontynuowana przez Politechnik\u0119 \u015awi\u0119tokrzysk\u0105. Ci\u0105g\u0142o\u015b\u0107 dost\u0119pu jest zachowana, wi\u0119c pracownicy, doktoranci i studenci mog\u0105 korzysta\u0107 ze wszystkich funkcjonalno\u015bci programu.<br>Informacje na temat Writefull s\u0105 dost\u0119pne <a rel=\"noreferrer noopener\" href=\"https:\/\/lib.tu.kielce.pl\/index.php\/writefull-narzedzie-do-korekty-tekstow-naukowych\/\" target=\"_blank\">na stronie Biblioteki<\/a>.<\/p>\n\n\n\n<p><strong>Test<\/strong><\/p>\n\n\n\n<p>Od <strong>2 pa\u017adziernika 2023 r.<\/strong> do <strong>2 stycznia 2024 r.<\/strong> pracownicy, doktoranci i studenci mog\u0105 skorzysta\u0107 z dost\u0119pu testowego do platformy z ebookami wydawnictwa <a rel=\"noreferrer noopener\" href=\"https:\/\/www.taylorfrancis.com\/\" target=\"_blank\">Taylor and Francis<\/a>. <a rel=\"noreferrer noopener\" href=\"https:\/\/www.taylorfrancis.com\/\" target=\"_blank\">Taylor and Francis eBooks<\/a> to internetowa platforma cyfrowa oferuj\u0105ca obszern\u0105 kolekcj\u0119 e-book\u00f3w z szerokiego zakresu tematycznego: in\u017cynierii, informatyki, ochrony \u015brodowiska, chemii, matematyki, fizyki, medycyny i wielu innych. Dost\u0119p do platformy <a rel=\"noreferrer noopener\" href=\"https:\/\/www.taylorfrancis.com\/\" target=\"_blank\">Taylor and Francis<\/a> jest mo\u017cliwy ze wszystkich komputer\u00f3w w sieci uczelnianej lub zgodnie z zasadami <a href=\"https:\/\/lib.tu.kielce.pl\/index.php\/dostep-do-zasobow-online-z-komputerow-domowych\/\" target=\"_blank\" rel=\"noreferrer noopener\">Dost\u0119pu do zasob\u00f3w online z komputer\u00f3w domowych<\/a>.<br>Wi\u0119cej informacji na <a rel=\"noreferrer noopener\" href=\"https:\/\/lib.tu.kielce.pl\/index.php\/2023\/10\/02\/taylor-and-francis-ebooki\/\" target=\"_blank\">stronie Biblioteki<\/a>.<\/p>\n\n\n\n<hr class=\"wp-block-separator has-alpha-channel-opacity\"\/>\n\n\n\n<p><strong>Nowo\u015bci w Bibliotece<\/strong><\/p>\n\n\n\n<p>Wybrane nowe ksi\u0105\u017cki z bie\u017c\u0105cych zakup\u00f3w<\/p>\n\n\n\n<ul class=\"wp-block-list\">\n<li><a rel=\"noreferrer noopener\" href=\"http:\/\/katalog.tu.kielce.pl\/EOSWeb\/OPAC\/TitleView\/CompleteDisplay.aspx?FromOPAC=true&amp;DbCode=0&amp;PatronCode=0&amp;Language=british&amp;RwSearchCode=0&amp;BibCodes=724038060\" target=\"_blank\">Big data w zarz\u0105dzaniu \/ J\u0119drzej Wieczorkowski, Iwona Chomiak-Orsa, Ilona Pawe\u0142oszek<\/a><\/li>\n\n\n\n<li><a rel=\"noreferrer noopener\" href=\"http:\/\/katalog.tu.kielce.pl\/EOSWeb\/OPAC\/TitleView\/CompleteDisplay.aspx?FromOPAC=true&amp;DbCode=0&amp;PatronCode=0&amp;Language=british&amp;RwSearchCode=0&amp;BibCodes=719750937\" target=\"_blank\">Internet rzeczy i jego przemys\u0142owe zastosowania \/ Pawe\u0142 Buchwald, Grzegorz Granosik, Aleksander Gwiazda<\/a><\/li>\n\n\n\n<li><a rel=\"noreferrer noopener\" href=\"http:\/\/katalog.tu.kielce.pl\/EOSWeb\/OPAC\/TitleView\/CompleteDisplay.aspx?FromOPAC=true&amp;DbCode=0&amp;PatronCode=0&amp;Language=british&amp;RwSearchCode=0&amp;BibCodes=719748568\" target=\"_blank\">Symulacja proces\u00f3w produkcyjnych \/ Damian Krenczyk, Pawe\u0142 Pawlewski, Dariusz Plinta<\/a><\/li>\n\n\n\n<li><a rel=\"noreferrer noopener\" href=\"http:\/\/katalog.tu.kielce.pl\/EOSWeb\/OPAC\/TitleView\/CompleteDisplay.aspx?FromOPAC=true&amp;DbCode=0&amp;PatronCode=0&amp;Language=british&amp;RwSearchCode=0&amp;BibCodes=724044586\" target=\"_blank\">Wdra\u017canie rozwi\u0105za\u0144 przemys\u0142u 4.0 w wybranych funkcjonalnych obszarach zarz\u0105dzania przedsi\u0119biorstw bran\u017cy motoryzacyjnej : pr\u00f3ba diagnozy \/ Ewa Stawiarska, Danuta Szwajca, Miros\u0142aw Matusek, Rados\u0142aw Wolniak<\/a><\/li>\n<\/ul>\n\n\n\n<hr class=\"wp-block-separator has-alpha-channel-opacity\"\/>\n\n\n\n<p><strong>Polecane pe\u0142notekstowe \u017ar\u00f3d\u0142a dost\u0119pne bezp\u0142atnie w Internecie<\/strong><\/p>\n\n\n\n<ul class=\"wp-block-list\">\n<li><a rel=\"noreferrer noopener\" href=\"https:\/\/journals.economic-research.pl\/index\/index\" data-type=\"link\" data-id=\"https:\/\/journals.economic-research.pl\/index\/index\" target=\"_blank\">Economic Publishing Platform Journals<\/a> &#8211; platforma zawiera czasopisma naukowe z zakresu ekonomii wydawane przez Instytut Bada\u0144 Ekonomicznych, Polskie Towarzystwo Ekonomiczne Oddzia\u0142 w Toruniu oraz ich partner\u00f3w.<\/li>\n<\/ul>\n\n\n\n<ul class=\"wp-block-list\">\n<li><a rel=\"noreferrer noopener\" href=\"http:\/\/economic-research.pl\/Books\/index.php\/eep\" data-type=\"link\" data-id=\"http:\/\/economic-research.pl\/Books\/index.php\/eep\" target=\"_blank\">Economic Publishing Platform Books<\/a> &#8211; na platformie dost\u0119pne s\u0105 monografie naukowe, rozprawy i artyku\u0142y robocze z zakresu ekonomii publikowane przez Instytut Bada\u0144 Ekonomicznych, Polskie Towarzystwo Ekonomiczne Oddzia\u0142 w Toruniu i ich partner\u00f3w.<\/li>\n<\/ul>\n\n\n\n<hr class=\"wp-block-separator has-alpha-channel-opacity\"\/>\n\n\n\n<p><strong>Przypominamy!<\/strong><\/p>\n\n\n\n<p>W dniu 17 lipca 2023 r. ukaza\u0142 si\u0119 komunikat Ministra Edukacji i Nauki w sprawie wykazu czasopism naukowych i recenzowanych materia\u0142\u00f3w z konferencji mi\u0119dzynarodowych.<\/p>\n\n\n\n<ul class=\"wp-block-list\">\n<li><a rel=\"noreferrer noopener\" href=\"https:\/\/www.gov.pl\/attachment\/3e30111f-e975-4781-adca-6bbbf4b75b07\" target=\"_blank\">Komunikat w sprawie wykazu czasopism naukowych i recenzowanych materia\u0142\u00f3w z konferencji mi\u0119dzynarodowych (pdf)<\/a><\/li>\n\n\n\n<li><a rel=\"noreferrer noopener\" href=\"https:\/\/www.gov.pl\/attachment\/44d6534c-dad9-4b08-ad0b-d5787fe3045f\" target=\"_blank\">Wykaz czasopism naukowych i recenzowanych materia\u0142\u00f3w z konferencji mi\u0119dzynarodowych (pdf)<\/a><\/li>\n\n\n\n<li><a href=\"https:\/\/www.gov.pl\/attachment\/7f0051cc-9ff4-4ef1-9b69-a5dc0ead1927\">Wykaz czasopism naukowych i recenzowanych materia\u0142\u00f3w z konferencji mi\u0119dzynarodowych (xlsx)<\/a><\/li>\n<\/ul>\n\n\n\n<hr class=\"wp-block-separator has-alpha-channel-opacity\"\/>\n\n\n\n<p>Politechnika \u015awi\u0119tokrzyska Biblioteka G\u0142\u00f3wna<br>al. Tysi\u0105clecia Pa\u0144stwa Polskiego 7, 25-314 KIELCE<br>tel. 41 3424-483<br>www: <a href=\"https:\/\/lib.tu.kielce.pl\/\">https:\/\/lib.tu.kielce.pl\/<\/a><\/p>\n","protected":false},"excerpt":{"rendered":"<p>Witamy w nowym roku akademickim 2023\/2024 i zapraszamy do zapoznania si\u0119 z najnowsz\u0105 ofert\u0105 Biblioteki. Aktualno\u015bci Ograniczenia w funkcjonowaniu Biblioteki Z powodu prac remontowych prowadzonych w budynku Biblioteki dost\u0119p do samodzielnego korzystania z ksi\u0119gozbioru zosta\u0142 ograniczony. Istnieje mo\u017cliwo\u015b\u0107 zwr\u00f3cenia wypo\u017cyczonych ksi\u0105\u017cek, prolongowania ich oraz podbicia obieg\u00f3wki przy ladzie w Wypo\u017cyczalni. W przypadku konieczno\u015bci wypo\u017cyczenia ksi\u0105\u017cek [&hellip;]<\/p>\n","protected":false},"author":3,"featured_media":591,"comment_status":"closed","ping_status":"closed","sticky":false,"template":"","format":"standard","meta":{"footnotes":""},"categories":[9],"tags":[],"class_list":["post-587","post","type-post","status-publish","format-standard","has-post-thumbnail","hentry","category-informator"],"_links":{"self":[{"href":"https:\/\/lib.tu.kielce.pl\/index.php\/wp-json\/wp\/v2\/posts\/587","targetHints":{"allow":["GET"]}}],"collection":[{"href":"https:\/\/lib.tu.kielce.pl\/index.php\/wp-json\/wp\/v2\/posts"}],"about":[{"href":"https:\/\/lib.tu.kielce.pl\/index.php\/wp-json\/wp\/v2\/types\/post"}],"author":[{"embeddable":true,"href":"https:\/\/lib.tu.kielce.pl\/index.php\/wp-json\/wp\/v2\/users\/3"}],"replies":[{"embeddable":true,"href":"https:\/\/lib.tu.kielce.pl\/index.php\/wp-json\/wp\/v2\/comments?post=587"}],"version-history":[{"count":0,"href":"https:\/\/lib.tu.kielce.pl\/index.php\/wp-json\/wp\/v2\/posts\/587\/revisions"}],"wp:featuredmedia":[{"embeddable":true,"href":"https:\/\/lib.tu.kielce.pl\/index.php\/wp-json\/wp\/v2\/media\/591"}],"wp:attachment":[{"href":"https:\/\/lib.tu.kielce.pl\/index.php\/wp-json\/wp\/v2\/media?parent=587"}],"wp:term":[{"taxonomy":"category","embeddable":true,"href":"https:\/\/lib.tu.kielce.pl\/index.php\/wp-json\/wp\/v2\/categories?post=587"},{"taxonomy":"post_tag","embeddable":true,"href":"https:\/\/lib.tu.kielce.pl\/index.php\/wp-json\/wp\/v2\/tags?post=587"}],"curies":[{"name":"wp","href":"https:\/\/api.w.org\/{rel}","templated":true}]}}