{"id":560,"date":"2023-06-27T12:44:36","date_gmt":"2023-06-27T10:44:36","guid":{"rendered":"https:\/\/lib.tu.kielce.pl\/?p=560"},"modified":"2023-06-27T12:44:38","modified_gmt":"2023-06-27T10:44:38","slug":"szkolenia-i-webinaria-ebsco-lipiec-i-sierpien-2023","status":"publish","type":"post","link":"https:\/\/lib.tu.kielce.pl\/index.php\/2023\/06\/27\/szkolenia-i-webinaria-ebsco-lipiec-i-sierpien-2023\/","title":{"rendered":"Szkolenia i webinaria EBSCO &#8211; lipiec i sierpie\u0144 2023"},"content":{"rendered":"\n<p>Firma EBSCO zaprasza do udzia\u0142u w dost\u0119pnych bezp\u0142atnie, otwartych szkoleniach online w j\u0119zyku polskim.<\/p>\n\n\n\n<p><strong>Przegl\u0105d narz\u0119dzi EBSCOhost przydatnych w pracy badawczej<\/strong><\/p>\n\n\n\n<p>5 lipca 2023,\u00a0godz. 12:00 (45 minut) | <a href=\"https:\/\/ebsco-polish.zoom.us\/webinar\/register\/WN_VuPhZeZwQ_aW5M6lDftNqQ\" target=\"_blank\" rel=\"noreferrer noopener\">Rejestracja<\/a><\/p>\n\n\n\n<p><strong>Zabierz e-ksi\u0105\u017cki EBSCO na wakacje<\/strong><\/p>\n\n\n\n<p>6 lipca 2023,\u00a0godz. 10:30 (30 minut) | <a href=\"https:\/\/ebsco-polish.zoom.us\/webinar\/register\/WN_mvwFNFESTpW6zLCyn4lGfw\" target=\"_blank\" rel=\"noreferrer noopener\">Rejestracja<\/a><\/p>\n\n\n\n<p><strong>Problem ze znajdywaniem trafnych hase\u0142 wyszukiwawczych to ju\u017c przesz\u0142o\u015b\u0107!<\/strong><\/p>\n\n\n\n<p>10 lipca 2023,\u00a0godz. 14:00 (40 minut) | <a href=\"https:\/\/ebsco-polish.zoom.us\/webinar\/register\/WN_ET_-sWZpS7S5FmB5itnaig\" target=\"_blank\" rel=\"noreferrer noopener\">Rejestracja<\/a><\/p>\n\n\n\n<p><strong>Prenumeruj\u0119 bazy EBSCO i co dalej?<\/strong><\/p>\n\n\n\n<p>11 lipca 2023,\u00a0godz. 10:30 (30 minut) | <a rel=\"noreferrer noopener\" href=\"https:\/\/ebsco-polish.zoom.us\/webinar\/register\/WN_rq1yw0o5TD65aBzmex3Gyw\" target=\"_blank\">Rejestracja<\/a><\/p>\n\n\n\n<p><strong>Kieszonkowa biblioteka, czyli kilka s\u0142\u00f3w o aplikacji mobilnej EBSCO<\/strong><\/p>\n\n\n\n<p>12 lipca 2023,\u00a0godz. 12:00 (35 minut) | <a href=\"https:\/\/ebsco-polish.zoom.us\/webinar\/register\/WN_fPq81JVpQ42ij7VQXdEqKg\" target=\"_blank\" rel=\"noreferrer noopener\">Rejestracja<\/a><\/p>\n\n\n\n<p><strong>Dentistry &amp; Oral Sciences Source \u2013 \u017ar\u00f3d\u0142o wiarygodnej literatury naukowej z zakresu stomatologii<\/strong><\/p>\n\n\n\n<p>17 lipca 2023,\u00a0godz. 14:00 (40 minut) | <a href=\"https:\/\/ebsco-polish.zoom.us\/webinar\/register\/WN_ry4NYvosSB-bHy2oXnoeKg\" target=\"_blank\" rel=\"noreferrer noopener\">Rejestracja<\/a><\/p>\n\n\n\n<p><strong>Zasoby EBSCO dla nauk z zakresu \u015brodowiska, ekologii i ochrony zasob\u00f3w naturalnych<\/strong><\/p>\n\n\n\n<p>18 lipca 2023,\u00a0godz. 12:00\u00a0 (45 minut) | <a href=\"https:\/\/ebsco-polish.zoom.us\/webinar\/register\/WN_MgTFfRg5Q2uiT1vykLmmAg\" target=\"_blank\" rel=\"noreferrer noopener\">Rejestracja<\/a><\/p>\n\n\n\n<p><strong>EBSCO Connect, czyli wszystko o produktach i serwisach EBSCO w jednym miejscu<\/strong><\/p>\n\n\n\n<p>19 lipca 2023,\u00a0godz. 10:30 (30 minut) | <a href=\"https:\/\/ebsco-polish.zoom.us\/webinar\/register\/WN_R8tqeiC4RZuN1kMu4P5T7g\" target=\"_blank\" rel=\"noreferrer noopener\">Rejestracja<\/a><\/p>\n\n\n\n<p><strong>Micro session: ciekawe funkcje bazy Business Source Ultimate<\/strong><\/p>\n\n\n\n<p>24 lipca 2023,\u00a0godz. 10:30 (25 minut) | <a href=\"https:\/\/ebsco-polish.zoom.us\/webinar\/register\/WN_szKab2VuRwewaLWRteszoA\" target=\"_blank\" rel=\"noreferrer noopener\">Rejestracja<\/a><\/p>\n\n\n\n<p><strong>Micro session: praca z pe\u0142nym tekstem artyku\u0142\u00f3w na platformie EBSCOhost<\/strong><\/p>\n\n\n\n<p>24 lipca 2023,\u00a0godz. 12:00 (25 minut) | <a rel=\"noreferrer noopener\" href=\"https:\/\/ebsco-polish.zoom.us\/webinar\/register\/WN_2hiVaMMUTpWTHEuT6z9e6A\" target=\"_blank\">Rejestracja<\/a><\/p>\n\n\n\n<p><strong>Bazy dla nauk medycznych: MEDLINE i CINAHL<\/strong><\/p>\n\n\n\n<p>25 lipca 2023,\u00a0godz. 10:30 (45 minut) | <a rel=\"noreferrer noopener\" href=\"https:\/\/ebsco-polish.zoom.us\/webinar\/register\/WN_ZX51nx3fRWe9fC4-4ObRUg\" target=\"_blank\">Rejestracja<\/a><\/p>\n\n\n\n<p><strong>Jak kupowa\u0107 e-ksi\u0105\u017cki za pomoc\u0105 ksi\u0119garni internetowej EBSCO?<\/strong><\/p>\n\n\n\n<p>17 sierpnia 2023,\u00a0godz. 12:30 (30 minut) | <a href=\"https:\/\/ebsco-polish.zoom.us\/webinar\/register\/WN_aBcG4Z4mScaZDBg-VYPQtQ\" target=\"_blank\" rel=\"noreferrer noopener\">Rejestracja<\/a><\/p>\n\n\n\n<p><strong>eBook Manager: zarz\u0105dzaj i dostosuj ustawienia w zakresie e-ksi\u0105\u017cek EBSCO<\/strong><\/p>\n\n\n\n<p>22 sierpnia 2023,\u00a0godz. 12:30 (30 minut) | <a href=\"https:\/\/ebsco-polish.zoom.us\/webinar\/register\/WN_nX_eJa0JSMqVKUYZpDRTjw\" target=\"_blank\" rel=\"noreferrer noopener\">Rejestracja<\/a><\/p>\n\n\n\n<p><strong>Poznaj Academic Research Source &#8211; bogat\u0105 baz\u0119 czasopism i e-ksi\u0105\u017cek<\/strong><\/p>\n\n\n\n<p>23 sierpnia 2023,\u00a0godz. 11:00 (50 minut) | <a href=\"https:\/\/ebsco-polish.zoom.us\/webinar\/register\/WN_ps7TdT6tT_mCLKuLZHw0rw\" target=\"_blank\" rel=\"noreferrer noopener\">Rejestracja<\/a><\/p>\n\n\n\n<p><strong>Poznaj tajemnice wyszukiwania zaawansowanego na EBSCOhost<\/strong><\/p>\n\n\n\n<p>24 sierpnia 2023,\u00a0godz. 11:00 (45 minut) | <a href=\"https:\/\/ebsco-polish.zoom.us\/webinar\/register\/WN_18IrFs7BTWaccRaCfpsPkw\" target=\"_blank\" rel=\"noreferrer noopener\">Rejestracja<\/a><\/p>\n\n\n\n<p><strong>Wyszukaj, pobierz i czytaj &#8211; e-ksi\u0105\u017cki EBSCO w 3 prostych krokach<\/strong><\/p>\n\n\n\n<p>29 sierpnia 2023,\u00a0godz. 12:30 (30 minut) | <a rel=\"noreferrer noopener\" href=\"https:\/\/ebsco-polish.zoom.us\/webinar\/register\/WN_45N5f_cPTMiXjo_br9WTDA\" target=\"_blank\">Rejestracja<\/a><\/p>\n\n\n\n<p><strong>Nowo\u015b\u0107! Education Source Ultimate<\/strong><\/p>\n\n\n\n<p>30sierpnia 2023,\u00a0godz. 12:00 (40 minut) | <a rel=\"noreferrer noopener\" href=\"https:\/\/ebsco-polish.zoom.us\/webinar\/register\/WN_IAWNtD2SSlq7l9podJ78jQ\" target=\"_blank\">Rejestracja<\/a><\/p>\n\n\n\n<p><a href=\"https:\/\/www.ebsco.com\/pl-pl\/blogs\/ebscopost\/2532380\/szkolenia-i-webinaria-ebsco-lipiec-i-sierpien-2023?utm_medium=email&amp;utm_source=acad_cp_pl&amp;utm_campaign=acad_trainings-julyaugust-20230627&amp;mkt_tok=Njg5LUxOUS04NTUAAAGMm0TUUr-D6pc689HGohKT2xI-Wc71IKSPdl2tMtNz1Bm7grUUILejN40lo0PvzpsoYM6xSGEjxXyPVbkOkNHNZbsWgBklaGu7azQjV69lHuWV\" target=\"_blank\" rel=\"noreferrer noopener\">Wi\u0119cej informacji o nadchodz\u0105cych sesjach<\/a><\/p>\n","protected":false},"excerpt":{"rendered":"<p>Firma EBSCO zaprasza do udzia\u0142u w dost\u0119pnych bezp\u0142atnie, otwartych szkoleniach online w j\u0119zyku polskim. Przegl\u0105d narz\u0119dzi EBSCOhost przydatnych w pracy badawczej 5 lipca 2023,\u00a0godz. 12:00 (45 minut) | Rejestracja Zabierz e-ksi\u0105\u017cki EBSCO na wakacje 6 lipca 2023,\u00a0godz. 10:30 (30 minut) | Rejestracja Problem ze znajdywaniem trafnych hase\u0142 wyszukiwawczych to ju\u017c przesz\u0142o\u015b\u0107! 10 lipca 2023,\u00a0godz. 14:00 [&hellip;]<\/p>\n","protected":false},"author":3,"featured_media":375,"comment_status":"closed","ping_status":"closed","sticky":false,"template":"","format":"standard","meta":{"footnotes":""},"categories":[7],"tags":[],"class_list":["post-560","post","type-post","status-publish","format-standard","has-post-thumbnail","hentry","category-webinaria"],"_links":{"self":[{"href":"https:\/\/lib.tu.kielce.pl\/index.php\/wp-json\/wp\/v2\/posts\/560","targetHints":{"allow":["GET"]}}],"collection":[{"href":"https:\/\/lib.tu.kielce.pl\/index.php\/wp-json\/wp\/v2\/posts"}],"about":[{"href":"https:\/\/lib.tu.kielce.pl\/index.php\/wp-json\/wp\/v2\/types\/post"}],"author":[{"embeddable":true,"href":"https:\/\/lib.tu.kielce.pl\/index.php\/wp-json\/wp\/v2\/users\/3"}],"replies":[{"embeddable":true,"href":"https:\/\/lib.tu.kielce.pl\/index.php\/wp-json\/wp\/v2\/comments?post=560"}],"version-history":[{"count":0,"href":"https:\/\/lib.tu.kielce.pl\/index.php\/wp-json\/wp\/v2\/posts\/560\/revisions"}],"wp:featuredmedia":[{"embeddable":true,"href":"https:\/\/lib.tu.kielce.pl\/index.php\/wp-json\/wp\/v2\/media\/375"}],"wp:attachment":[{"href":"https:\/\/lib.tu.kielce.pl\/index.php\/wp-json\/wp\/v2\/media?parent=560"}],"wp:term":[{"taxonomy":"category","embeddable":true,"href":"https:\/\/lib.tu.kielce.pl\/index.php\/wp-json\/wp\/v2\/categories?post=560"},{"taxonomy":"post_tag","embeddable":true,"href":"https:\/\/lib.tu.kielce.pl\/index.php\/wp-json\/wp\/v2\/tags?post=560"}],"curies":[{"name":"wp","href":"https:\/\/api.w.org\/{rel}","templated":true}]}}