{"id":503,"date":"2023-01-31T16:17:33","date_gmt":"2023-01-31T15:17:33","guid":{"rendered":"https:\/\/lib.tu.kielce.pl\/?p=503"},"modified":"2023-01-31T16:18:01","modified_gmt":"2023-01-31T15:18:01","slug":"komunikat-o-licencjach-na-czasopisma-nature-i-science-w-2023-r","status":"publish","type":"post","link":"https:\/\/lib.tu.kielce.pl\/index.php\/2023\/01\/31\/komunikat-o-licencjach-na-czasopisma-nature-i-science-w-2023-r\/","title":{"rendered":"Komunikat o licencjach na czasopisma Nature i Science w 2023 r."},"content":{"rendered":"\n<p>W zwi\u0105zku z decyzj\u0105 Ministra Nauki i Edukacji o zaprzestaniu finansowania dotychczasowych licencji krajowych na czasopisma Nature i Science, wydawcy tych czasopism zdecydowali, \u017ce dost\u0119p dla instytucji obj\u0119tych licencjami krajowymi w 2022 r. zostanie utrzymany bezp\u0142atnie na okres do 31 marca 2023 r. w przypadku Science oraz co najmniej do 15 lutego 2023 r. w przypadku Nature. Po tych terminach dost\u0119p zostanie zamkni\u0119ty. Instytucje, kt\u00f3re uczestniczy\u0142y w licencji krajowej Nature, zachowuj\u0105 bezterminowy dost\u0119p na serwerze wydawcy do rocznik\u00f3w czasopisma z okresu swojego uczestnictwa (okres 2010-2022 w przypadku instytucji, kt\u00f3re uczestniczy\u0142y w licencji krajowej Nature od pocz\u0105tku jej trwania).<\/p>\n\n\n\n<p>Wi\u0119cej informacji -> <a rel=\"noreferrer noopener\" href=\"https:\/\/wbn.icm.edu.pl\/komunikaty\/\" target=\"_blank\">https:\/\/wbn.icm.edu.pl\/komunikaty\/<\/a><\/p>\n","protected":false},"excerpt":{"rendered":"<p>W zwi\u0105zku z decyzj\u0105 Ministra Nauki i Edukacji o zaprzestaniu finansowania dotychczasowych licencji krajowych na czasopisma Nature i Science, wydawcy tych czasopism zdecydowali, \u017ce dost\u0119p dla instytucji obj\u0119tych licencjami krajowymi w 2022 r. zostanie utrzymany bezp\u0142atnie na okres do 31 marca 2023 r. w przypadku Science oraz co najmniej do 15 lutego 2023 r. w [&hellip;]<\/p>\n","protected":false},"author":3,"featured_media":434,"comment_status":"closed","ping_status":"closed","sticky":false,"template":"","format":"standard","meta":{"footnotes":""},"categories":[5],"tags":[],"class_list":["post-503","post","type-post","status-publish","format-standard","has-post-thumbnail","hentry","category-komunikaty"],"_links":{"self":[{"href":"https:\/\/lib.tu.kielce.pl\/index.php\/wp-json\/wp\/v2\/posts\/503","targetHints":{"allow":["GET"]}}],"collection":[{"href":"https:\/\/lib.tu.kielce.pl\/index.php\/wp-json\/wp\/v2\/posts"}],"about":[{"href":"https:\/\/lib.tu.kielce.pl\/index.php\/wp-json\/wp\/v2\/types\/post"}],"author":[{"embeddable":true,"href":"https:\/\/lib.tu.kielce.pl\/index.php\/wp-json\/wp\/v2\/users\/3"}],"replies":[{"embeddable":true,"href":"https:\/\/lib.tu.kielce.pl\/index.php\/wp-json\/wp\/v2\/comments?post=503"}],"version-history":[{"count":0,"href":"https:\/\/lib.tu.kielce.pl\/index.php\/wp-json\/wp\/v2\/posts\/503\/revisions"}],"wp:featuredmedia":[{"embeddable":true,"href":"https:\/\/lib.tu.kielce.pl\/index.php\/wp-json\/wp\/v2\/media\/434"}],"wp:attachment":[{"href":"https:\/\/lib.tu.kielce.pl\/index.php\/wp-json\/wp\/v2\/media?parent=503"}],"wp:term":[{"taxonomy":"category","embeddable":true,"href":"https:\/\/lib.tu.kielce.pl\/index.php\/wp-json\/wp\/v2\/categories?post=503"},{"taxonomy":"post_tag","embeddable":true,"href":"https:\/\/lib.tu.kielce.pl\/index.php\/wp-json\/wp\/v2\/tags?post=503"}],"curies":[{"name":"wp","href":"https:\/\/api.w.org\/{rel}","templated":true}]}}