{"id":433,"date":"2022-06-27T14:58:37","date_gmt":"2022-06-27T12:58:37","guid":{"rendered":"https:\/\/lib.tu.kielce.pl\/?p=433"},"modified":"2022-06-27T15:02:04","modified_gmt":"2022-06-27T13:02:04","slug":"komunikat","status":"publish","type":"post","link":"https:\/\/lib.tu.kielce.pl\/index.php\/2022\/06\/27\/komunikat\/","title":{"rendered":"Komunikat"},"content":{"rendered":"\n<p>Z uwagi na wysok\u0105 temperatur\u0119 w dniach od <strong>27 czerwca<\/strong> do <strong>1 lipca<\/strong> Biblioteka b\u0119dzie czynna w godzinach od <strong>8.00<\/strong> do <strong>14.00<\/strong>.<\/p>\n","protected":false},"excerpt":{"rendered":"<p>Z uwagi na wysok\u0105 temperatur\u0119 w dniach od 27 czerwca do 1 lipca Biblioteka b\u0119dzie czynna w godzinach od 8.00 do 14.00.<\/p>\n","protected":false},"author":3,"featured_media":434,"comment_status":"closed","ping_status":"closed","sticky":false,"template":"","format":"standard","meta":{"footnotes":""},"categories":[5],"tags":[],"class_list":["post-433","post","type-post","status-publish","format-standard","has-post-thumbnail","hentry","category-komunikaty"],"_links":{"self":[{"href":"https:\/\/lib.tu.kielce.pl\/index.php\/wp-json\/wp\/v2\/posts\/433","targetHints":{"allow":["GET"]}}],"collection":[{"href":"https:\/\/lib.tu.kielce.pl\/index.php\/wp-json\/wp\/v2\/posts"}],"about":[{"href":"https:\/\/lib.tu.kielce.pl\/index.php\/wp-json\/wp\/v2\/types\/post"}],"author":[{"embeddable":true,"href":"https:\/\/lib.tu.kielce.pl\/index.php\/wp-json\/wp\/v2\/users\/3"}],"replies":[{"embeddable":true,"href":"https:\/\/lib.tu.kielce.pl\/index.php\/wp-json\/wp\/v2\/comments?post=433"}],"version-history":[{"count":0,"href":"https:\/\/lib.tu.kielce.pl\/index.php\/wp-json\/wp\/v2\/posts\/433\/revisions"}],"wp:featuredmedia":[{"embeddable":true,"href":"https:\/\/lib.tu.kielce.pl\/index.php\/wp-json\/wp\/v2\/media\/434"}],"wp:attachment":[{"href":"https:\/\/lib.tu.kielce.pl\/index.php\/wp-json\/wp\/v2\/media?parent=433"}],"wp:term":[{"taxonomy":"category","embeddable":true,"href":"https:\/\/lib.tu.kielce.pl\/index.php\/wp-json\/wp\/v2\/categories?post=433"},{"taxonomy":"post_tag","embeddable":true,"href":"https:\/\/lib.tu.kielce.pl\/index.php\/wp-json\/wp\/v2\/tags?post=433"}],"curies":[{"name":"wp","href":"https:\/\/api.w.org\/{rel}","templated":true}]}}