{"id":431,"date":"2022-06-24T10:09:47","date_gmt":"2022-06-24T08:09:47","guid":{"rendered":"https:\/\/lib.tu.kielce.pl\/?p=431"},"modified":"2022-06-24T10:14:39","modified_gmt":"2022-06-24T08:14:39","slug":"wakacyjny-czas-pracy-biblioteki","status":"publish","type":"post","link":"https:\/\/lib.tu.kielce.pl\/index.php\/2022\/06\/24\/wakacyjny-czas-pracy-biblioteki\/","title":{"rendered":"Wakacyjny czas pracy Biblioteki"},"content":{"rendered":"\n<figure class=\"wp-block-table\"><table><tbody><tr><td><strong>lipiec<\/strong><\/td><td><strong>poniedzia\u0142ek &#8211; pi\u0105tek<\/strong><\/td><td><strong>8.00 &#8211; 15.00<\/strong><\/td><\/tr><tr><td><strong>sierpie\u0144<\/strong><\/td><td><\/td><td><strong>nieczynne<\/strong><\/td><\/tr><tr><td><strong>wrzesie\u0144<\/strong><\/td><td><strong>poniedzia\u0142ek &#8211; pi\u0105tek<\/strong><\/td><td><strong>8.00 &#8211; 15.00<\/strong><\/td><\/tr><\/tbody><\/table><\/figure>\n","protected":false},"excerpt":{"rendered":"<p>lipiec poniedzia\u0142ek &#8211; pi\u0105tek 8.00 &#8211; 15.00 sierpie\u0144 nieczynne wrzesie\u0144 poniedzia\u0142ek &#8211; pi\u0105tek 8.00 &#8211; 15.00<\/p>\n","protected":false},"author":3,"featured_media":432,"comment_status":"closed","ping_status":"closed","sticky":false,"template":"","format":"standard","meta":{"footnotes":""},"categories":[5],"tags":[],"class_list":["post-431","post","type-post","status-publish","format-standard","has-post-thumbnail","hentry","category-komunikaty"],"_links":{"self":[{"href":"https:\/\/lib.tu.kielce.pl\/index.php\/wp-json\/wp\/v2\/posts\/431","targetHints":{"allow":["GET"]}}],"collection":[{"href":"https:\/\/lib.tu.kielce.pl\/index.php\/wp-json\/wp\/v2\/posts"}],"about":[{"href":"https:\/\/lib.tu.kielce.pl\/index.php\/wp-json\/wp\/v2\/types\/post"}],"author":[{"embeddable":true,"href":"https:\/\/lib.tu.kielce.pl\/index.php\/wp-json\/wp\/v2\/users\/3"}],"replies":[{"embeddable":true,"href":"https:\/\/lib.tu.kielce.pl\/index.php\/wp-json\/wp\/v2\/comments?post=431"}],"version-history":[{"count":0,"href":"https:\/\/lib.tu.kielce.pl\/index.php\/wp-json\/wp\/v2\/posts\/431\/revisions"}],"wp:featuredmedia":[{"embeddable":true,"href":"https:\/\/lib.tu.kielce.pl\/index.php\/wp-json\/wp\/v2\/media\/432"}],"wp:attachment":[{"href":"https:\/\/lib.tu.kielce.pl\/index.php\/wp-json\/wp\/v2\/media?parent=431"}],"wp:term":[{"taxonomy":"category","embeddable":true,"href":"https:\/\/lib.tu.kielce.pl\/index.php\/wp-json\/wp\/v2\/categories?post=431"},{"taxonomy":"post_tag","embeddable":true,"href":"https:\/\/lib.tu.kielce.pl\/index.php\/wp-json\/wp\/v2\/tags?post=431"}],"curies":[{"name":"wp","href":"https:\/\/api.w.org\/{rel}","templated":true}]}}