{"id":405,"date":"2022-04-20T09:04:46","date_gmt":"2022-04-20T07:04:46","guid":{"rendered":"https:\/\/lib.tu.kielce.pl\/?p=405"},"modified":"2022-04-20T09:04:48","modified_gmt":"2022-04-20T07:04:48","slug":"prenumerata-czasopism-na-2023-r","status":"publish","type":"post","link":"https:\/\/lib.tu.kielce.pl\/index.php\/2022\/04\/20\/prenumerata-czasopism-na-2023-r\/","title":{"rendered":"Prenumerata czasopism na 2023 r."},"content":{"rendered":"\n<p>W zwi\u0105zku z rozpocz\u0119ciem przygotowa\u0144 do prenumeraty czasopism na rok <strong>2023<\/strong> Biblioteka P\u015ak zwraca si\u0119 z pro\u015bb\u0105 o <strong>zg\u0142aszanie propozycji tytu\u0142\u00f3w<\/strong> czasopism polskich i zagranicznych niezb\u0119dnych do realizacji procesu naukowo-dydaktycznego. Zostan\u0105 one przedstawione do akceptacji dyrektorom dyscyplin naukowych i dziekanom poszczeg\u00f3lnych wydzia\u0142\u00f3w, kt\u00f3rzy zadecyduj\u0105 o ostatecznym kszta\u0142cie prenumeraty.<\/p>\n\n\n\n<p>Pomoc\u0105 w wyborze niezb\u0119dnej literatury mo\u017ce by\u0107 <a rel=\"noreferrer noopener\" href=\"https:\/\/www.gov.pl\/attachment\/095bb59b-d89f-42b8-8d26-f12756943f26\" target=\"_blank\">Wykaz czasopism naukowych i recenzowanych materia\u0142\u00f3w z konferencji mi\u0119dzynarodowych<\/a> (komunikat z dn. 21 grudnia 2021 r.).<\/p>\n\n\n\n<p>Tytu\u0142y, kt\u00f3re nie zostan\u0105 zg\u0142oszone w terminie <strong>do 27 maja 2022 r.<\/strong> mog\u0105 nie zosta\u0107 uwzgl\u0119dnione na li\u015bcie prenumeraty na 2023 r.<\/p>\n\n\n\n<p>Propozycje mo\u017cna zg\u0142asza\u0107 telefonicznie pod numerem wew. 443 lub e-mailem pod adresem: <a href=\"mailto:bibej@tu.kielce.pl?subject=Propozycje%20tytu\u0142\u00f3w%20do%20prenumeraty%20na%202023%20r.\">bibej(at)tu.kielce.pl<\/a>.<\/p>\n\n\n\n<p>Zach\u0119camy gor\u0105co do wsp\u00f3\u0142pracy. B\u0119dziemy wdzi\u0119czni za wszelkie sugestie dotycz\u0105ce wzbogacania zasob\u00f3w bibliotecznych.<\/p>\n","protected":false},"excerpt":{"rendered":"<p>W zwi\u0105zku z rozpocz\u0119ciem przygotowa\u0144 do prenumeraty czasopism na rok 2023 Biblioteka P\u015ak zwraca si\u0119 z pro\u015bb\u0105 o zg\u0142aszanie propozycji tytu\u0142\u00f3w czasopism polskich i zagranicznych niezb\u0119dnych do realizacji procesu naukowo-dydaktycznego. Zostan\u0105 one przedstawione do akceptacji dyrektorom dyscyplin naukowych i dziekanom poszczeg\u00f3lnych wydzia\u0142\u00f3w, kt\u00f3rzy zadecyduj\u0105 o ostatecznym kszta\u0142cie prenumeraty. Pomoc\u0105 w wyborze niezb\u0119dnej literatury mo\u017ce by\u0107 [&hellip;]<\/p>\n","protected":false},"author":3,"featured_media":406,"comment_status":"closed","ping_status":"closed","sticky":false,"template":"","format":"standard","meta":{"footnotes":""},"categories":[5],"tags":[],"class_list":["post-405","post","type-post","status-publish","format-standard","has-post-thumbnail","hentry","category-komunikaty"],"_links":{"self":[{"href":"https:\/\/lib.tu.kielce.pl\/index.php\/wp-json\/wp\/v2\/posts\/405","targetHints":{"allow":["GET"]}}],"collection":[{"href":"https:\/\/lib.tu.kielce.pl\/index.php\/wp-json\/wp\/v2\/posts"}],"about":[{"href":"https:\/\/lib.tu.kielce.pl\/index.php\/wp-json\/wp\/v2\/types\/post"}],"author":[{"embeddable":true,"href":"https:\/\/lib.tu.kielce.pl\/index.php\/wp-json\/wp\/v2\/users\/3"}],"replies":[{"embeddable":true,"href":"https:\/\/lib.tu.kielce.pl\/index.php\/wp-json\/wp\/v2\/comments?post=405"}],"version-history":[{"count":0,"href":"https:\/\/lib.tu.kielce.pl\/index.php\/wp-json\/wp\/v2\/posts\/405\/revisions"}],"wp:featuredmedia":[{"embeddable":true,"href":"https:\/\/lib.tu.kielce.pl\/index.php\/wp-json\/wp\/v2\/media\/406"}],"wp:attachment":[{"href":"https:\/\/lib.tu.kielce.pl\/index.php\/wp-json\/wp\/v2\/media?parent=405"}],"wp:term":[{"taxonomy":"category","embeddable":true,"href":"https:\/\/lib.tu.kielce.pl\/index.php\/wp-json\/wp\/v2\/categories?post=405"},{"taxonomy":"post_tag","embeddable":true,"href":"https:\/\/lib.tu.kielce.pl\/index.php\/wp-json\/wp\/v2\/tags?post=405"}],"curies":[{"name":"wp","href":"https:\/\/api.w.org\/{rel}","templated":true}]}}