{"id":229,"date":"2021-12-27T09:54:06","date_gmt":"2021-12-27T08:54:06","guid":{"rendered":"http:\/\/81.26.5.67\/?p=229"},"modified":"2022-02-07T14:57:00","modified_gmt":"2022-02-07T13:57:00","slug":"komunikat-ministra-edukacji-i-nauki-o-zmianie-i-sprostowaniu-komunikatu-w-sprawie-wykazu-czasopism-naukowych-i-recenzowanych-materialow-z-konferencji-miedzynarodowych","status":"publish","type":"post","link":"https:\/\/lib.tu.kielce.pl\/index.php\/2021\/12\/27\/komunikat-ministra-edukacji-i-nauki-o-zmianie-i-sprostowaniu-komunikatu-w-sprawie-wykazu-czasopism-naukowych-i-recenzowanych-materialow-z-konferencji-miedzynarodowych\/","title":{"rendered":"Komunikat Ministra Edukacji i Nauki o zmianie i sprostowaniu komunikatu w sprawie wykazu czasopism naukowych i recenzowanych materia\u0142\u00f3w z konferencji mi\u0119dzynarodowych"},"content":{"rendered":"\n<p>W dniu <strong>21 grudnia 2021 r.<\/strong> ukaza\u0142 si\u0119 Komunikat Ministra Edukacji i Nauki o zmianie i sprostowaniu komunikatu w sprawie wykazu czasopism naukowych i recenzowanych materia\u0142\u00f3w z konferencji mi\u0119dzynarodowych.<\/p>\n\n\n\n<ul class=\"wp-block-list\"><li><a rel=\"noreferrer noopener\" href=\"https:\/\/www.gov.pl\/attachment\/eb25bc8f-f390-4e4c-a52e-ecddbd7d1ff2\" target=\"_blank\">Komunikat o sprostowaniu i zmianie wykazu<\/a> (pdf)<\/li><\/ul>\n\n\n\n<ul class=\"wp-block-list\"><li><a rel=\"noreferrer noopener\" href=\"https:\/\/www.gov.pl\/attachment\/095bb59b-d89f-42b8-8d26-f12756943f26\" target=\"_blank\">Scalony wykaz czasopism naukowych i recenzowanych materia\u0142\u00f3w z konferencji mi\u0119dzynarodowych<\/a> (pdf)<\/li><\/ul>\n\n\n\n<ul class=\"wp-block-list\"><li><a rel=\"noreferrer noopener\" href=\"https:\/\/www.gov.pl\/attachment\/4f9a7bd0-59e8-43c4-8672-0c2eeb45dede\" target=\"_blank\">Scalony wykaz czasopism i materia\u0142\u00f3w z konferencji naukowych<\/a> (xlsx)<\/li><\/ul>\n","protected":false},"excerpt":{"rendered":"<p>W dniu 21 grudnia 2021 r. ukaza\u0142 si\u0119 Komunikat Ministra Edukacji i Nauki o zmianie i sprostowaniu komunikatu w sprawie wykazu czasopism naukowych i recenzowanych materia\u0142\u00f3w z konferencji mi\u0119dzynarodowych. Komunikat o sprostowaniu i zmianie wykazu (pdf) Scalony wykaz czasopism naukowych i recenzowanych materia\u0142\u00f3w z konferencji mi\u0119dzynarodowych (pdf) Scalony wykaz czasopism i materia\u0142\u00f3w z konferencji naukowych [&hellip;]<\/p>\n","protected":false},"author":3,"featured_media":303,"comment_status":"closed","ping_status":"closed","sticky":false,"template":"","format":"standard","meta":{"footnotes":""},"categories":[5],"tags":[],"class_list":["post-229","post","type-post","status-publish","format-standard","has-post-thumbnail","hentry","category-komunikaty"],"_links":{"self":[{"href":"https:\/\/lib.tu.kielce.pl\/index.php\/wp-json\/wp\/v2\/posts\/229","targetHints":{"allow":["GET"]}}],"collection":[{"href":"https:\/\/lib.tu.kielce.pl\/index.php\/wp-json\/wp\/v2\/posts"}],"about":[{"href":"https:\/\/lib.tu.kielce.pl\/index.php\/wp-json\/wp\/v2\/types\/post"}],"author":[{"embeddable":true,"href":"https:\/\/lib.tu.kielce.pl\/index.php\/wp-json\/wp\/v2\/users\/3"}],"replies":[{"embeddable":true,"href":"https:\/\/lib.tu.kielce.pl\/index.php\/wp-json\/wp\/v2\/comments?post=229"}],"version-history":[{"count":0,"href":"https:\/\/lib.tu.kielce.pl\/index.php\/wp-json\/wp\/v2\/posts\/229\/revisions"}],"wp:featuredmedia":[{"embeddable":true,"href":"https:\/\/lib.tu.kielce.pl\/index.php\/wp-json\/wp\/v2\/media\/303"}],"wp:attachment":[{"href":"https:\/\/lib.tu.kielce.pl\/index.php\/wp-json\/wp\/v2\/media?parent=229"}],"wp:term":[{"taxonomy":"category","embeddable":true,"href":"https:\/\/lib.tu.kielce.pl\/index.php\/wp-json\/wp\/v2\/categories?post=229"},{"taxonomy":"post_tag","embeddable":true,"href":"https:\/\/lib.tu.kielce.pl\/index.php\/wp-json\/wp\/v2\/tags?post=229"}],"curies":[{"name":"wp","href":"https:\/\/api.w.org\/{rel}","templated":true}]}}